{"id":1365,"date":"2007-06-02T10:14:37","date_gmt":"2007-06-02T09:14:37","guid":{"rendered":"http:\/\/www.aula21.net\/aulablog21\/archives\/2007\/06\/02\/un-planeta-sin-alma-que-nacio-muerto\/"},"modified":"2007-06-02T10:19:34","modified_gmt":"2007-06-02T09:19:34","slug":"un-planeta-sin-alma-que-nacio-muerto","status":"publish","type":"post","link":"http:\/\/aula21.net\/aulablog21\/archives\/2007\/06\/02\/un-planeta-sin-alma-que-nacio-muerto\/","title":{"rendered":"Un Planeta sin alma que naci\u00f3 muerto"},"content":{"rendered":"<p>Hay Planetas frios e inhabitables  que por no tener un \u00abalma\u00bb nacen muertos, <a href=\"http:\/\/www.aulablog.com\/planeta\">nuestro Planeta <\/a>si que tiene un alma con nombre propio <a href=\"http:\/\/www.orientaeduc.com\/\">Luis Barriocanal<\/a> y por ello es el \u00fanico que ser\u00e1 fuente de aprendizaje y riqueza cultural.<br \/>\n<img decoding=\"async\" src=\"http:\/\/bp2.blogger.com\/_1qN7ohI5IV4\/RmCBrsjuG8I\/AAAAAAAAAE4\/n7DEU-dun8k\/s320\/planetaeducativo.png\" alt=\"planeta\" \/><br \/>\n<a href=\"http:\/\/angelpuente.blogspot.com\/2007\/06\/por-la-desaparicin-del-otro-planeta.html\"> Al igual que \u00c1ngel Puente<\/a> y tantos otros compa\u00f1eros digo:<\/p>\n<blockquote><p> Me sumo a la campa\u00f1a lanzada lanzada por mis compa\u00f1eros de <a href=\"http:\/\/www.aulablog.com\/\">AulaBlog <\/a>y <a href=\"http:\/\/www.tinglado.net\/\">El Tinglado<\/a>, <a href=\"http:\/\/ividal.com\/joomla\/index.php?option=com_content&#038;task=view&#038;id=158&#038;Itemid=1\">Isidro<\/a>, <a href=\"http:\/\/victorcuevas.es\/educadores21\/?p=262\">V\u00edctor<\/a> y <a href=\"http:\/\/www.lbarroso.com\/index.php?option=com_content&#038;task=view&#038;id=245&#038;Itemid=78\">Lourdes<\/a> en defensa de nuestro Planeta Educativo, el Planeta de Luis Barriocanal, el Planeta de Aulablog y el Planeta de todos los que nos hemos sindicado y lo hemos hecho un poco nuestro tambi\u00e9n. Y en contra de la apropiaci\u00f3n de nombre y contenidos por este personaje sin escr\u00fapulos que ha montado otro Planeta paralelo.<br \/>\nHagamos que retire su web.<br \/>\nCopia el banner de la izquierda y ponlo en tu blog.<br \/>\nPlaneta Educativo s\u00f3lo hay uno.<br \/>\nQue le cambie el nombre.<br \/>\nQue lo llene con lo que le d\u00e9 la gana.<br \/>\nUsurpadores no.<\/p><\/blockquote>\n","protected":false},"excerpt":{"rendered":"<p>Hay Planetas frios e inhabitables que por no tener un \u00abalma\u00bb nacen muertos, nuestro Planeta si que tiene un alma con nombre propio Luis Barriocanal y por ello es el \u00fanico que ser\u00e1 fuente de aprendizaje y riqueza cultural. Al igual que \u00c1ngel Puente y tantos otros compa\u00f1eros digo: Me sumo a la campa\u00f1a lanzada [&hellip;]<\/p>\n","protected":false},"author":1,"featured_media":0,"comment_status":"open","ping_status":"open","sticky":false,"template":"","format":"standard","meta":{"footnotes":""},"categories":[3],"tags":[],"class_list":["post-1365","post","type-post","status-publish","format-standard","hentry","category-weblogs_herramientas_trucos_etc"],"_links":{"self":[{"href":"http:\/\/aula21.net\/aulablog21\/wp-json\/wp\/v2\/posts\/1365","targetHints":{"allow":["GET"]}}],"collection":[{"href":"http:\/\/aula21.net\/aulablog21\/wp-json\/wp\/v2\/posts"}],"about":[{"href":"http:\/\/aula21.net\/aulablog21\/wp-json\/wp\/v2\/types\/post"}],"author":[{"embeddable":true,"href":"http:\/\/aula21.net\/aulablog21\/wp-json\/wp\/v2\/users\/1"}],"replies":[{"embeddable":true,"href":"http:\/\/aula21.net\/aulablog21\/wp-json\/wp\/v2\/comments?post=1365"}],"version-history":[{"count":0,"href":"http:\/\/aula21.net\/aulablog21\/wp-json\/wp\/v2\/posts\/1365\/revisions"}],"wp:attachment":[{"href":"http:\/\/aula21.net\/aulablog21\/wp-json\/wp\/v2\/media?parent=1365"}],"wp:term":[{"taxonomy":"category","embeddable":true,"href":"http:\/\/aula21.net\/aulablog21\/wp-json\/wp\/v2\/categories?post=1365"},{"taxonomy":"post_tag","embeddable":true,"href":"http:\/\/aula21.net\/aulablog21\/wp-json\/wp\/v2\/tags?post=1365"}],"curies":[{"name":"wp","href":"https:\/\/api.w.org\/{rel}","templated":true}]}}