{"id":1372,"date":"2007-06-10T11:52:04","date_gmt":"2007-06-10T10:52:04","guid":{"rendered":"http:\/\/www.aula21.net\/aulablog21\/archives\/2007\/06\/10\/intento-de-entrevista-al-blogfesor-cabanillas\/"},"modified":"2007-06-12T16:42:48","modified_gmt":"2007-06-12T15:42:48","slug":"intento-de-entrevista-al-blogfesor-cabanillas","status":"publish","type":"post","link":"http:\/\/aula21.net\/aulablog21\/archives\/2007\/06\/10\/intento-de-entrevista-al-blogfesor-cabanillas\/","title":{"rendered":"Intento de entrevista al blogfesor Cabanillas"},"content":{"rendered":"<p><a href=\"http:\/\/www.extremaduraclasica.com\/bitacora\/\">Cabanillas<\/a> deja de ser Jefe de Estudios del <a href=\"http:\/\/iessapostol.juntaextremadura.net\/blogs\/\">IES Santiago Ap\u00f3stol <\/a>el pr\u00f3ximo dia 1 de Julio por decisi\u00f3n personal. La labor que ha realizado en el mismo ha sido sencillamente impresionante, estuve hace unos dias en su despacho para hacerle una entrevista pero la emoci\u00f3n me embarg\u00f3 y solo pude grabar esto:<br \/>\n<embed style=\"width:400px;height:326px;\" type=\"application\/x-shockwave-flash\" src=\"http:\/\/video.google.com\/googleplayer.swf?docId=6592668666132420000&#038;hl=es\" id=\"VideoPlayback\" align=\"middle\"  quality=\"best\" bgcolor=\"#ffffff\" scale=\"noScale\" salign=\"TL\"  FlashVars=\"playerMode=embedded\"><\/embed><\/p>\n<p><strong>Continuar\u00e1&#8230;<\/strong><\/p>\n<p>Su puesto lo ocupara otro extraordinario profesor y amigo, Juan Fern\u00e1ndez de Vega. Aprovecho para dar a conocer una estupenda web que ha inaugurado recientemente <a href=\"http:\/\/tecnodivers.homelinux.com\/\">Tecnodiversidad Extreme\u00f1a<\/a><br \/>\nAsimismo aprovecho para felicitar a \u00c1ngel Trigeros responsable del blog de la Biblioteca del citado instituto que ha sido recientemente premiado, <a href=\"http:\/\/bibliotecasantiagoapostol.wordpress.com\/2007\/04\/23\/la-biblioteca-del-ies-santiago-apostol-premiada\/\">de ello nos informa en esta entrada<\/a>.<\/p>\n","protected":false},"excerpt":{"rendered":"<p>Cabanillas deja de ser Jefe de Estudios del IES Santiago Ap\u00f3stol el pr\u00f3ximo dia 1 de Julio por decisi\u00f3n personal. La labor que ha realizado en el mismo ha sido sencillamente impresionante, estuve hace unos dias en su despacho para hacerle una entrevista pero la emoci\u00f3n me embarg\u00f3 y solo pude grabar esto: Continuar\u00e1&#8230; Su [&hellip;]<\/p>\n","protected":false},"author":1,"featured_media":0,"comment_status":"open","ping_status":"open","sticky":false,"template":"","format":"standard","meta":{"footnotes":""},"categories":[7,20],"tags":[],"class_list":["post-1372","post","type-post","status-publish","format-standard","hentry","category-personal","category-video"],"_links":{"self":[{"href":"http:\/\/aula21.net\/aulablog21\/wp-json\/wp\/v2\/posts\/1372","targetHints":{"allow":["GET"]}}],"collection":[{"href":"http:\/\/aula21.net\/aulablog21\/wp-json\/wp\/v2\/posts"}],"about":[{"href":"http:\/\/aula21.net\/aulablog21\/wp-json\/wp\/v2\/types\/post"}],"author":[{"embeddable":true,"href":"http:\/\/aula21.net\/aulablog21\/wp-json\/wp\/v2\/users\/1"}],"replies":[{"embeddable":true,"href":"http:\/\/aula21.net\/aulablog21\/wp-json\/wp\/v2\/comments?post=1372"}],"version-history":[{"count":0,"href":"http:\/\/aula21.net\/aulablog21\/wp-json\/wp\/v2\/posts\/1372\/revisions"}],"wp:attachment":[{"href":"http:\/\/aula21.net\/aulablog21\/wp-json\/wp\/v2\/media?parent=1372"}],"wp:term":[{"taxonomy":"category","embeddable":true,"href":"http:\/\/aula21.net\/aulablog21\/wp-json\/wp\/v2\/categories?post=1372"},{"taxonomy":"post_tag","embeddable":true,"href":"http:\/\/aula21.net\/aulablog21\/wp-json\/wp\/v2\/tags?post=1372"}],"curies":[{"name":"wp","href":"https:\/\/api.w.org\/{rel}","templated":true}]}}