{"id":1382,"date":"2007-06-16T11:18:46","date_gmt":"2007-06-16T10:18:46","guid":{"rendered":"http:\/\/www.aula21.net\/aulablog21\/archives\/2007\/06\/16\/la-ensenanza-publica-en-declive\/"},"modified":"2007-06-16T11:44:13","modified_gmt":"2007-06-16T10:44:13","slug":"la-ensenanza-publica-en-declive","status":"publish","type":"post","link":"http:\/\/aula21.net\/aulablog21\/archives\/2007\/06\/16\/la-ensenanza-publica-en-declive\/","title":{"rendered":"La ense\u00f1anza p\u00fablica en declive"},"content":{"rendered":"<p>\u00bfAbandonan las familias el sistema p\u00fablico en favor del concertado por que sienten que el sistema p\u00fablico no les ofrece lo que ellas buscan ?<br \/>\nHay datos que llevan a pensar en ello, basta leer la prensa:<br \/>\n&#8211; <a href=\"http:\/\/www.elcorreogallego.es\/index.php?option=com_content&#038;task=blogsection&#038;id=9&#038;Itemid=12&#038;idMenu=3&#038;idNoticia=175158\">Overbooking\u2019 en los centros concertados para el pr\u00f3ximo curso<\/a> en El Correo Gallego.<br \/>\n&#8211; <a href=\"http:\/\/www.elfarodecartagena.com\/noticia.asp?ref=25027\">Cientos de alumnos de infantil no podr\u00e1n entrar en los centros concertados elegidos<\/a> en El faro de Cartagena.<br \/>\n&#8211; <a href=\"http:\/\/www.hoy.es\/prensa\/20070614\/badajoz\/cinco-colegios-concertados-copan_20070614.html\">Cinco colegios concertados copan la lista de los centros m\u00e1s solicitados<\/a> en El Hoy de Badajoz.<br \/>\n&#8211; <a href=\"http:\/\/www.elperiodicoextremadura.com\/noticias\/noticia.asp?pkid=309055\">Las solicitudes para estudiar en colegios concertados en C\u00e1ceres duplican las de los p\u00fablicos<\/a> en El Peri\u00f3dico Extremadura.<br \/>\nEn mi caso he optado por que mi hija estudie ESO en el colegio concertado en el que ha cursado la primaria.<br \/>\nEn mi opini\u00f3n fu\u00e9 un error imponer que los alumnos cursen 1\u00ba y 2\u00ba de ESO en los institutos.<br \/>\nSe impone volver al 7\u00ba y 8\u00ba de primaria en los colegios , los \u00edndices de alumnos que repiten 1\u00ba de ESO son de esc\u00e1ndalo, eso antes no ocurr\u00eda.<br \/>\nYa dec\u00eda una encuesta que <a href=\"http:\/\/www.20minutos.es\/noticia\/210612\/0\/profesores\/educacion\/ley\/\">el 70% de los profesores volver\u00eda a la ley del 70<\/a>, 30 a\u00f1os de avances \u00abprogresistas\u00bb para esto y ahora nos meten la LOE (LOGSE 2\u00ba Parte).<br \/>\n\u00bfSer\u00e1 que en los colegios concertados se dan m\u00e1s \u00abma\u00f1a\u00bb para sortear y\/o enmendar algunas de las chapuzas que dicta la ley?<br \/>\nMuchos altos cargos socialistas piensan como yo y llevan a sus hijos a colegios concertados o privados.<br \/>\nMe da la sensaci\u00f3n que las empresas que gestionan colegios y universidades privadas est\u00e1n encantadas con el rumbo que desde hace ya bastantes a\u00f1os est\u00e1 tomando la educaci\u00f3n en nuestro pa\u00eds.<br \/>\nTodos, profesores y alumnos debemos recuperar la exigencia <a href=\"http:\/\/victorcuevas.es\/educadores21\/?p=20\">como bien dice en su blog Victor Cuevas<\/a> orientador en el IES Joaqu\u00edn Ara\u00fajo de Fuenlabrada.<\/p>\n","protected":false},"excerpt":{"rendered":"<p>\u00bfAbandonan las familias el sistema p\u00fablico en favor del concertado por que sienten que el sistema p\u00fablico no les ofrece lo que ellas buscan ? Hay datos que llevan a pensar en ello, basta leer la prensa: &#8211; Overbooking\u2019 en los centros concertados para el pr\u00f3ximo curso en El Correo Gallego. &#8211; Cientos de alumnos [&hellip;]<\/p>\n","protected":false},"author":1,"featured_media":0,"comment_status":"open","ping_status":"open","sticky":false,"template":"","format":"standard","meta":{"footnotes":""},"categories":[17,19],"tags":[],"class_list":["post-1382","post","type-post","status-publish","format-standard","hentry","category-articulos","category-educacion"],"_links":{"self":[{"href":"http:\/\/aula21.net\/aulablog21\/wp-json\/wp\/v2\/posts\/1382","targetHints":{"allow":["GET"]}}],"collection":[{"href":"http:\/\/aula21.net\/aulablog21\/wp-json\/wp\/v2\/posts"}],"about":[{"href":"http:\/\/aula21.net\/aulablog21\/wp-json\/wp\/v2\/types\/post"}],"author":[{"embeddable":true,"href":"http:\/\/aula21.net\/aulablog21\/wp-json\/wp\/v2\/users\/1"}],"replies":[{"embeddable":true,"href":"http:\/\/aula21.net\/aulablog21\/wp-json\/wp\/v2\/comments?post=1382"}],"version-history":[{"count":0,"href":"http:\/\/aula21.net\/aulablog21\/wp-json\/wp\/v2\/posts\/1382\/revisions"}],"wp:attachment":[{"href":"http:\/\/aula21.net\/aulablog21\/wp-json\/wp\/v2\/media?parent=1382"}],"wp:term":[{"taxonomy":"category","embeddable":true,"href":"http:\/\/aula21.net\/aulablog21\/wp-json\/wp\/v2\/categories?post=1382"},{"taxonomy":"post_tag","embeddable":true,"href":"http:\/\/aula21.net\/aulablog21\/wp-json\/wp\/v2\/tags?post=1382"}],"curies":[{"name":"wp","href":"https:\/\/api.w.org\/{rel}","templated":true}]}}