{"id":1388,"date":"2007-06-20T16:26:02","date_gmt":"2007-06-20T15:26:02","guid":{"rendered":"http:\/\/www.aula21.net\/aulablog21\/archives\/2007\/06\/20\/dias-lectivos-perdidos-en-los-centro-extremenos\/"},"modified":"2007-06-22T16:52:06","modified_gmt":"2007-06-22T15:52:06","slug":"dias-lectivos-perdidos-en-los-centro-extremenos","status":"publish","type":"post","link":"http:\/\/aula21.net\/aulablog21\/archives\/2007\/06\/20\/dias-lectivos-perdidos-en-los-centro-extremenos\/","title":{"rendered":"Dias lectivos perdidos en los centros extreme\u00f1os"},"content":{"rendered":"<p><a href=\"http:\/\/www.extremaduraclasica.com\/bitacora\/?p=165\">Carlos lo explica perfectamente.<\/a><\/p>\n<blockquote><p>\u00bfQu\u00e9 es lo que me cabrea? Que nos quedemos callados, que aceptemos lo que nos echen si rechistar. Es absolutamente vergonzoso.<\/p><\/blockquote>\n<p>Desde aqu\u00ed le pido al nuevo consejero\/a de Educaci\u00f3n del nuevo gobierno del Sr. <a href=\"http:\/\/elcuadernodeguillermo.blogspot.com\/\">Guillermo F. Vara<\/a> que tome cartas en el asunto por favor, esto es un desastre, menos ordenadores y m\u00e1s sentido com\u00fan.<br \/>\nAdmito que se discuta si es o no conveniente que haya ex\u00e1menes de septiembre, mi opini\u00f3n es a favor, pero el cachondeo de fin de curso que hay en muchos institutos es inadmisible.<\/p>\n<p>Por cierto esta ma\u00f1ana Cabanillas me ha ense\u00f1ado la prueba de acceso a los ciclos de grado medio, a modo de ejemplo algunas preguntas:<br \/>\n\u00bfC\u00f3mo se llama la capital de Extremadura? \u00bfqu\u00e9 r\u00edo pasa por dicha ciudad? 2 puntos<br \/>\nSi el precio de una tele de plama que vale pongamos 800 Euros sube un 5% y despues baja un 10% \u00bfqu\u00e9 precio final tiene? 2,5 puntos. <\/p>\n<p>Se rumorea que un tal Agapito natural de M\u00e9rida que ha de cruzar diariamente el rio Guadiana para ir a su centro piensa que como m\u00ednimo tiene un 2 en la parte de lengua.<\/p>\n<p>En matem\u00e1ticas dice que un problema le desconcert\u00f3 porque le metieron el tema del \u00abplasma\u00bb.<\/p>\n<p>Entran ganas de reir y llorar a la vez.<br \/>\nActualizaci\u00f3n. <a href=\"http:\/\/www.hoy.es\/prensa\/20070622\/cartas_opinion\/diaspora-estudiantil_20070622.html\">Carta publicada en el diario HOY <\/a>del 22 de Junio de 2007<a href=\"http:\/\/www.extremaduraclasica.com\/bitacora\/?p=166\">(v\u00eda Carlos Cabanillas)<\/a><\/p>\n<blockquote><p>Como todos los a\u00f1os desde que se instaur\u00f3 la LOGSE los alumnos dejan de asistir a clase por la nefasta gesti\u00f3n de que hacen gala los que se dedican a elucubrar sobre la Ense\u00f1anza. En la actualidad el curso termina la primera semana de junio. Los que han aprobado todas las materias saben que la calificaci\u00f3n no se puede bajar, que en el peor de los casos se quedar\u00e1n con la misma nota; los que han suspendido varias asumen que los milagros no existen y que si ya han repetido van a promocionar de cualquier modo. Con este escenario no nos debe extra\u00f1ar que las calles est\u00e9n tomadas por los ni\u00f1os en edad escolar; me gustar\u00eda que los que se dedican a legislar se dieran una vuelta por las inmediaciones de los Centros para que perciban como testigos la cagada que han preparado. Que se puede hacer peor, pero no mucho.<\/p>\n<p>Si los temarios no se agotan y para rematar la faena acortamos en quince d\u00edas el tiempo que los profesores dedicamos a explicar nuestra materia, entonces ya est\u00e1 todo dicho. \u00bfC\u00f3mo se nota que los legisladores no se dedican al noble arte de ense\u00f1ar! A ellos les va muy bien imponer instrucciones, que las aulas sean como un laboratorio; un lugar donde se hacen experimentos y \u00bfhombre alg\u00fan d\u00eda entonaremos nuestro eureka! Ojal\u00e1.<\/p><\/blockquote>\n<p><!--adsense--><\/p>\n","protected":false},"excerpt":{"rendered":"<p>Carlos lo explica perfectamente. \u00bfQu\u00e9 es lo que me cabrea? Que nos quedemos callados, que aceptemos lo que nos echen si rechistar. Es absolutamente vergonzoso. Desde aqu\u00ed le pido al nuevo consejero\/a de Educaci\u00f3n del nuevo gobierno del Sr. Guillermo F. Vara que tome cartas en el asunto por favor, esto es un desastre, menos [&hellip;]<\/p>\n","protected":false},"author":1,"featured_media":0,"comment_status":"open","ping_status":"open","sticky":false,"template":"","format":"standard","meta":{"footnotes":""},"categories":[17,19],"tags":[],"class_list":["post-1388","post","type-post","status-publish","format-standard","hentry","category-articulos","category-educacion"],"_links":{"self":[{"href":"http:\/\/aula21.net\/aulablog21\/wp-json\/wp\/v2\/posts\/1388","targetHints":{"allow":["GET"]}}],"collection":[{"href":"http:\/\/aula21.net\/aulablog21\/wp-json\/wp\/v2\/posts"}],"about":[{"href":"http:\/\/aula21.net\/aulablog21\/wp-json\/wp\/v2\/types\/post"}],"author":[{"embeddable":true,"href":"http:\/\/aula21.net\/aulablog21\/wp-json\/wp\/v2\/users\/1"}],"replies":[{"embeddable":true,"href":"http:\/\/aula21.net\/aulablog21\/wp-json\/wp\/v2\/comments?post=1388"}],"version-history":[{"count":1,"href":"http:\/\/aula21.net\/aulablog21\/wp-json\/wp\/v2\/posts\/1388\/revisions"}],"predecessor-version":[{"id":8552,"href":"http:\/\/aula21.net\/aulablog21\/wp-json\/wp\/v2\/posts\/1388\/revisions\/8552"}],"wp:attachment":[{"href":"http:\/\/aula21.net\/aulablog21\/wp-json\/wp\/v2\/media?parent=1388"}],"wp:term":[{"taxonomy":"category","embeddable":true,"href":"http:\/\/aula21.net\/aulablog21\/wp-json\/wp\/v2\/categories?post=1388"},{"taxonomy":"post_tag","embeddable":true,"href":"http:\/\/aula21.net\/aulablog21\/wp-json\/wp\/v2\/tags?post=1388"}],"curies":[{"name":"wp","href":"https:\/\/api.w.org\/{rel}","templated":true}]}}