{"id":1394,"date":"2007-06-24T09:53:56","date_gmt":"2007-06-24T08:53:56","guid":{"rendered":"http:\/\/www.aula21.net\/aulablog21\/archives\/2007\/06\/24\/tomadura-de-pelo-a-los-extremenos-no-hay-derecho\/"},"modified":"2007-06-24T15:31:25","modified_gmt":"2007-06-24T14:31:25","slug":"tomadura-de-pelo-a-los-extremenos-no-hay-derecho","status":"publish","type":"post","link":"http:\/\/aula21.net\/aulablog21\/archives\/2007\/06\/24\/tomadura-de-pelo-a-los-extremenos-no-hay-derecho\/","title":{"rendered":"Tomadura de pelo a los Extreme\u00f1os, no hay derecho."},"content":{"rendered":"<p>Indignado estoy al leer en el diario Extremadura <a href=\"http:\/\/www.elperiodicoextremadura.com\/noticias\/noticia.asp?pkid=310525\">una entrevista con Antonio Olivenza <\/a>Director General de Migraciones de la Junta de Extremadura en la que dice: <\/p>\n<blockquote><p><strong>Realmente en Extremadura ya no se puede hablar de emigraci\u00f3n, ya no hay<\/strong><\/p><\/blockquote>\n<p>El periodista entonces le pregunta:<br \/>\n&#8212;<strong>Pero los j\u00f3venes siguen march\u00e1ndose a otras regiones para continuar con sus estudios o para trabajar.<\/strong><\/p>\n<p>A lo que este se\u00f1or responde:<\/p>\n<blockquote><p>Es que ahora lo que tenemos es una <strong>emigraci\u00f3n de excelencia<\/strong>. Se marchan no porque en Extremadura no encuentren las condiciones necesarias para quedarse, sino para satisfacer sus aspiraciones, <strong>porque les apetece <\/strong>vivir en Madrid o Barcelona o porque quieren <strong>terminar sus estudios en Estados Unidos<\/strong>. <\/p><\/blockquote>\n<p>Por favor \u00bfesto es de recibo? estoy tan indignado que prefiero dejar de escribir pues este se\u00f1or se merece palabras muy gordas.<\/p>\n<p><a href=\"http:\/\/elcuadernodeguillermo.blogspot.com\/\">Se\u00f1or presidente \u00bfeste se\u00f1or va a seguir en su puesto un d\u00eda m\u00e1s?<\/a><\/p>\n<p>En el mismo peri\u00f3dico podemos leer <a href=\"http:\/\/www.elperiodicoextremadura.com\/noticias\/noticia.asp?pkid=310522\">El 40% de los extreme\u00f1os reside fuera de la comunidad aut\u00f3noma<\/a>, seg\u00fan este pavo lo hacen por gusto.<br \/>\nSi alg\u00fan extreme\u00f1o se siente igual de indignado que yo por favor <a href=\"https:\/\/www.blogger.com\/comment.g?blogID=4843605468384109927&#038;postID=1984252621968013509\">que haga clic en este enlaze y escriba un comentario en el blog del Presidente de la Junta <\/a> pidiendo la dimisi\u00f3n de este se\u00f1or o mejor a\u00fan pidiendo que lo nombre C\u00f3nsul de Extremadura en Estados Unidos para atender a los miles de extreme\u00f1os que emigran a las tierras del Sr. Bush por gusto, para terminar sus estudios en Harvard.<br \/>\nDemostremos la fuerza y el poder de los blogs.<br \/>\nPensar que con mis impuestos este se\u00f1or se gana un sueldazo, me ha dejado hecho polvo para el resto del d\u00eda.<br \/>\nLumbreras de estos los tenemos en diversas consejer\u00edas incluida la de Educaci\u00f3n \u00bfpor qu\u00e9 no emigrar\u00e1n a estudiar a EEUU?<\/p>\n<p>Pronto dir\u00e1n \u00abya no hay Fracaso escolar lo que hay es Fracaso escolar de excelencia, es decir alumnos que prefieren continuar algunos a\u00f1os m\u00e1s repitiendo curso en sus institutos en lugar de enfrentarse al siempre incierto mundo laboral\u00bb.<br \/>\nC\u00f3mo les d\u00e9 ideas me veo de Director General.<\/p>\n","protected":false},"excerpt":{"rendered":"<p>Indignado estoy al leer en el diario Extremadura una entrevista con Antonio Olivenza Director General de Migraciones de la Junta de Extremadura en la que dice: Realmente en Extremadura ya no se puede hablar de emigraci\u00f3n, ya no hay El periodista entonces le pregunta: &#8212;Pero los j\u00f3venes siguen march\u00e1ndose a otras regiones para continuar con [&hellip;]<\/p>\n","protected":false},"author":1,"featured_media":0,"comment_status":"open","ping_status":"open","sticky":false,"template":"","format":"standard","meta":{"footnotes":""},"categories":[17,23],"tags":[],"class_list":["post-1394","post","type-post","status-publish","format-standard","hentry","category-articulos","category-sociedad"],"_links":{"self":[{"href":"http:\/\/aula21.net\/aulablog21\/wp-json\/wp\/v2\/posts\/1394","targetHints":{"allow":["GET"]}}],"collection":[{"href":"http:\/\/aula21.net\/aulablog21\/wp-json\/wp\/v2\/posts"}],"about":[{"href":"http:\/\/aula21.net\/aulablog21\/wp-json\/wp\/v2\/types\/post"}],"author":[{"embeddable":true,"href":"http:\/\/aula21.net\/aulablog21\/wp-json\/wp\/v2\/users\/1"}],"replies":[{"embeddable":true,"href":"http:\/\/aula21.net\/aulablog21\/wp-json\/wp\/v2\/comments?post=1394"}],"version-history":[{"count":0,"href":"http:\/\/aula21.net\/aulablog21\/wp-json\/wp\/v2\/posts\/1394\/revisions"}],"wp:attachment":[{"href":"http:\/\/aula21.net\/aulablog21\/wp-json\/wp\/v2\/media?parent=1394"}],"wp:term":[{"taxonomy":"category","embeddable":true,"href":"http:\/\/aula21.net\/aulablog21\/wp-json\/wp\/v2\/categories?post=1394"},{"taxonomy":"post_tag","embeddable":true,"href":"http:\/\/aula21.net\/aulablog21\/wp-json\/wp\/v2\/tags?post=1394"}],"curies":[{"name":"wp","href":"https:\/\/api.w.org\/{rel}","templated":true}]}}