{"id":1401,"date":"2007-07-12T12:08:36","date_gmt":"2007-07-12T11:08:36","guid":{"rendered":"http:\/\/www.aula21.net\/aulablog21\/archives\/2007\/07\/12\/todo-sobre-el-segundo-encuentro-encuentro-de-edublogs-de-ayerbe\/"},"modified":"2007-07-15T12:21:18","modified_gmt":"2007-07-15T11:21:18","slug":"todo-sobre-el-segundo-encuentro-encuentro-de-edublogs-de-ayerbe","status":"publish","type":"post","link":"http:\/\/aula21.net\/aulablog21\/archives\/2007\/07\/12\/todo-sobre-el-segundo-encuentro-encuentro-de-edublogs-de-ayerbe\/","title":{"rendered":"Todo sobre el Segundo Encuentro Encuentro de Edublogs de Ayerbe"},"content":{"rendered":"<p>Desde ayer estoy viendo todo el material generado a raiz del Segundo Encuentro de Edublogs celebrado en Ayerbe los d\u00edas 4,5 y 6 de Julio. Por lo le\u00eddo y visto en fotos y v\u00eddeos parece ser que ha sido todo un exitazo lo cual era de esperar dada la calidad humana y profesional de los organizadores y asistentes.<br \/>\n<a href=\"http:\/\/www.aulablog.com\/edublogs2007\">Desde la web del encuentro tenemos acceso a<\/a> talleres, comunicaciones, fotos, v\u00eddeos, presentaciones, ecos del encuentro en la red&#8230;<br \/>\nMaterial para estar entretenido un mont\u00f3n de tiempo en estas calurosas tardes de verano.<br \/>\nEnhorabuena a todos y gracias por compartir vuestros m\u00e1gn\u00edficos trabajos.<br \/>\nHe estado ausente sin escribir nada en el blog desde el pasado d\u00eda 2 pero no pod\u00eda dejar de hacerme eco de este encuentro.<br \/>\nAulablog21 se merece un largo descanso, \u00bfquiz\u00e1s un mes? \u00bfquiz\u00e1s un a\u00f1o? el tiempo lo dir\u00e1.<\/p>\n<p><!--adsense--><\/p>\n","protected":false},"excerpt":{"rendered":"<p>Desde ayer estoy viendo todo el material generado a raiz del Segundo Encuentro de Edublogs celebrado en Ayerbe los d\u00edas 4,5 y 6 de Julio. Por lo le\u00eddo y visto en fotos y v\u00eddeos parece ser que ha sido todo un exitazo lo cual era de esperar dada la calidad humana y profesional de los [&hellip;]<\/p>\n","protected":false},"author":1,"featured_media":0,"comment_status":"open","ping_status":"open","sticky":false,"template":"","format":"standard","meta":{"footnotes":""},"categories":[2],"tags":[],"class_list":["post-1401","post","type-post","status-publish","format-standard","hentry","category-weblogs_en_el_aula"],"_links":{"self":[{"href":"http:\/\/aula21.net\/aulablog21\/wp-json\/wp\/v2\/posts\/1401","targetHints":{"allow":["GET"]}}],"collection":[{"href":"http:\/\/aula21.net\/aulablog21\/wp-json\/wp\/v2\/posts"}],"about":[{"href":"http:\/\/aula21.net\/aulablog21\/wp-json\/wp\/v2\/types\/post"}],"author":[{"embeddable":true,"href":"http:\/\/aula21.net\/aulablog21\/wp-json\/wp\/v2\/users\/1"}],"replies":[{"embeddable":true,"href":"http:\/\/aula21.net\/aulablog21\/wp-json\/wp\/v2\/comments?post=1401"}],"version-history":[{"count":0,"href":"http:\/\/aula21.net\/aulablog21\/wp-json\/wp\/v2\/posts\/1401\/revisions"}],"wp:attachment":[{"href":"http:\/\/aula21.net\/aulablog21\/wp-json\/wp\/v2\/media?parent=1401"}],"wp:term":[{"taxonomy":"category","embeddable":true,"href":"http:\/\/aula21.net\/aulablog21\/wp-json\/wp\/v2\/categories?post=1401"},{"taxonomy":"post_tag","embeddable":true,"href":"http:\/\/aula21.net\/aulablog21\/wp-json\/wp\/v2\/tags?post=1401"}],"curies":[{"name":"wp","href":"https:\/\/api.w.org\/{rel}","templated":true}]}}