{"id":1421,"date":"2007-08-21T13:35:15","date_gmt":"2007-08-21T12:35:15","guid":{"rendered":"http:\/\/www.aula21.net\/aulablog21\/archives\/2007\/08\/21\/nos-vemos-en-educaparty-2007\/"},"modified":"2007-08-21T18:52:09","modified_gmt":"2007-08-21T17:52:09","slug":"nos-vemos-en-educaparty-2007","status":"publish","type":"post","link":"http:\/\/aula21.net\/aulablog21\/archives\/2007\/08\/21\/nos-vemos-en-educaparty-2007\/","title":{"rendered":"Nos vemos en Educaparty 2007"},"content":{"rendered":"<p><img decoding=\"async\" src=\"http:\/\/lh5.google.com\/aula21\/RsrU6JxeCqI\/AAAAAAAAAEU\/6dhTyB98-0g\/ipod1.png?imgmax=288\" align=\"left\"> <\/p>\n<p>Fundaci\u00f3n Telef\u00f3nica y <a href=\"http:\/\/www.educared.net\/\">EducaRed<\/a> organizan un gran encuentro de profesores, en el marco de los cursos de Verano de la Universidad Internacional Men\u00e9ndez Pelayo, dirigido a docentes de ense\u00f1anzas no universitarias, que tendr\u00e1 lugar en unas carpas dise\u00f1adas para este evento e instaladas en el Campo de Polo de la pen\u00ednsula de la Magdalena, los d\u00edas 2 y 3 de Septiembre de 2007.  <\/p>\n<p>He tenido la fortuna de ser invitado&nbsp;a participar como formador en Educaparty 2007, lo cual quiero desde aqu\u00ed&nbsp;agradecer&nbsp; a Luis Rojo Director Pedag\u00f3gico de Educared y experto en la utilizaci\u00f3n de la tecnolog\u00eda digital en el aula.  <\/p>\n<p>En EducaParty 2007&nbsp;docentes de toda Espa\u00f1a podr\u00e1n durante dos d\u00edas realizar una gran cantidad de actividades formativas, l\u00fadicas y culturales. EducaParty incluye un curso intensivo de integraci\u00f3n curricular de las TIC con un total de 20 horas, repartidas en 12 horas presenciales y 8 on-line.  <\/p>\n<p>Este a\u00f1o el lema es \u00abInnovar con la web 2.0\u00bb, un mont\u00f3n de gente aprendiendo acerca de blogs, wikis, podcasts, videocasts,&nbsp;marcadores sociales, Tablet Pc, mapas conceptuales&nbsp;etc. El equipo de <a href=\"mailto:formador@s\">formador@s<\/a> es de lujo.<br \/>Para una informaci\u00f3n m\u00e1s detallada <a href=\"http:\/\/www.educared.net\/educared\/visualizacion\/jsp\/educaparty2007\/index.jsp?idapr=1_1343_esp_1__\">visita esta p\u00e1gina desde la que te podr\u00e1s inscribir.<\/a>  <\/p>\n<p>Tendr\u00e9 la oportunidad de conocer en persona a muchos y muchas de mis virtuales amigos, estoy seguro que disfrutar\u00e9 como un enano. Lamento un mont\u00f3n que no puedan asistir por motivos laborales&nbsp;tres de las personas que son un referente para todos en este mundillo, mis&nbsp;queridos amigos <a href=\"http:\/\/www.extremaduraclasica.com\/bitacora\/\">Cabanillas<\/a>,&nbsp;<a href=\"http:\/\/fresno.cnice.mecd.es\/avaler3\/\">Alejandro<\/a> y <a href=\"http:\/\/www.adelat.org\/\">Anibal<\/a>. Asimismo echar\u00e9 de menos al <a href=\"http:\/\/www.vidadigital.net\/blog\/\">maestro Mario<\/a>, tengo la corazonada de que Mario vendr\u00e1 este curso a Espa\u00f1a, ser\u00eda un honor para todos poder conocerlo en persona y disfrutar de su sabidur\u00eda&nbsp;, pienso que se lo merece sobradamente.<br \/>Ayer regres\u00e9 de la maravillosa tierra Gallega, otro dia pondr\u00e9 alguna foto de recuerdo.Estoy preparando mis dos intervenciones en Educaparty 2007, una sobre marcadores sociales y otra sobre wikis, ambas ser\u00e1n publicadas proximamente en la red. <\/p>\n","protected":false},"excerpt":{"rendered":"<p>Fundaci\u00f3n Telef\u00f3nica y EducaRed organizan un gran encuentro de profesores, en el marco de los cursos de Verano de la Universidad Internacional Men\u00e9ndez Pelayo, dirigido a docentes de ense\u00f1anzas no universitarias, que tendr\u00e1 lugar en unas carpas dise\u00f1adas para este evento e instaladas en el Campo de Polo de la pen\u00ednsula de la Magdalena, los [&hellip;]<\/p>\n","protected":false},"author":1,"featured_media":0,"comment_status":"open","ping_status":"open","sticky":false,"template":"","format":"standard","meta":{"footnotes":""},"categories":[1],"tags":[],"class_list":["post-1421","post","type-post","status-publish","format-standard","hentry","category-miscelanea"],"_links":{"self":[{"href":"http:\/\/aula21.net\/aulablog21\/wp-json\/wp\/v2\/posts\/1421","targetHints":{"allow":["GET"]}}],"collection":[{"href":"http:\/\/aula21.net\/aulablog21\/wp-json\/wp\/v2\/posts"}],"about":[{"href":"http:\/\/aula21.net\/aulablog21\/wp-json\/wp\/v2\/types\/post"}],"author":[{"embeddable":true,"href":"http:\/\/aula21.net\/aulablog21\/wp-json\/wp\/v2\/users\/1"}],"replies":[{"embeddable":true,"href":"http:\/\/aula21.net\/aulablog21\/wp-json\/wp\/v2\/comments?post=1421"}],"version-history":[{"count":0,"href":"http:\/\/aula21.net\/aulablog21\/wp-json\/wp\/v2\/posts\/1421\/revisions"}],"wp:attachment":[{"href":"http:\/\/aula21.net\/aulablog21\/wp-json\/wp\/v2\/media?parent=1421"}],"wp:term":[{"taxonomy":"category","embeddable":true,"href":"http:\/\/aula21.net\/aulablog21\/wp-json\/wp\/v2\/categories?post=1421"},{"taxonomy":"post_tag","embeddable":true,"href":"http:\/\/aula21.net\/aulablog21\/wp-json\/wp\/v2\/tags?post=1421"}],"curies":[{"name":"wp","href":"https:\/\/api.w.org\/{rel}","templated":true}]}}