{"id":1424,"date":"2007-08-21T20:24:58","date_gmt":"2007-08-21T19:24:58","guid":{"rendered":"http:\/\/www.aula21.net\/aulablog21\/archives\/2007\/08\/21\/reconocimiento-a-dos-edublogs-de-educastur-blogs\/"},"modified":"2007-08-21T21:03:12","modified_gmt":"2007-08-21T20:03:12","slug":"reconocimiento-a-dos-edublogs-de-educastur-blogs","status":"publish","type":"post","link":"http:\/\/aula21.net\/aulablog21\/archives\/2007\/08\/21\/reconocimiento-a-dos-edublogs-de-educastur-blogs\/","title":{"rendered":"Reconocimiento a dos edublogs de Educastur Blogs"},"content":{"rendered":"<p>\u00abMagisterio asturiano en el aula virtual\u00bb es el t\u00edtulo de <a href=\"http:\/\/www.lne.es\/secciones\/noticia.jsp?pRef=1736_49_550106__TV-y-Espectaculos-Magisterio-asturiano-aula-virtual\">un art\u00edculo publicado en el diario asturiano La Nueva Espa\u00f1a<\/a>.<\/p>\n<p>En el mismo se reconoce la maravillosa labor llevada a cabo por dos profesoras asturianas a trav\u00e9s de sus&nbsp;blogs alojados en el servicio <a href=\"http:\/\/web.educastur.princast.es\/\">Educastur Blogs<\/a>, se trata de:<\/p>\n<ul>\n<li>Luc\u00eda \u00c1lvarez profesora de Educaci\u00f3n Pl\u00e1stica y Visual&nbsp;<\/li>\n<p><a href=\"http:\/\/blog.educastur.es\/luciaag\/\">\u00abLas Tic en Pl\u00e1stica\u00bb<\/a> <\/p>\n<li>Conchi P\u00e9rez profesora de Filosof\u00eda&nbsp;<a href=\"http:\/\/blog.educastur.es\/lechuzaminerva\/\">\u00abLa lechuza de Minerva\u00bb<\/a><\/li>\n<\/ul>\n<p>Poco a poco la labor&nbsp;de aquellos&nbsp;docentes que dedican su tiempo y esfuerzo por mejorar y adaptar su forma de ense\u00f1ar y aprender a los nuevos tiempos se ve reconocida en todos los \u00e1mbitos.<\/p>\n<p>Enhorabuena a estas inteligentes blogfesoras.<\/p>\n<p><!--adsense--><\/p>\n","protected":false},"excerpt":{"rendered":"<p>\u00abMagisterio asturiano en el aula virtual\u00bb es el t\u00edtulo de un art\u00edculo publicado en el diario asturiano La Nueva Espa\u00f1a. En el mismo se reconoce la maravillosa labor llevada a cabo por dos profesoras asturianas a trav\u00e9s de sus&nbsp;blogs alojados en el servicio Educastur Blogs, se trata de: Luc\u00eda \u00c1lvarez profesora de Educaci\u00f3n Pl\u00e1stica y [&hellip;]<\/p>\n","protected":false},"author":1,"featured_media":0,"comment_status":"open","ping_status":"open","sticky":false,"template":"","format":"standard","meta":{"footnotes":""},"categories":[2],"tags":[],"class_list":["post-1424","post","type-post","status-publish","format-standard","hentry","category-weblogs_en_el_aula"],"_links":{"self":[{"href":"http:\/\/aula21.net\/aulablog21\/wp-json\/wp\/v2\/posts\/1424","targetHints":{"allow":["GET"]}}],"collection":[{"href":"http:\/\/aula21.net\/aulablog21\/wp-json\/wp\/v2\/posts"}],"about":[{"href":"http:\/\/aula21.net\/aulablog21\/wp-json\/wp\/v2\/types\/post"}],"author":[{"embeddable":true,"href":"http:\/\/aula21.net\/aulablog21\/wp-json\/wp\/v2\/users\/1"}],"replies":[{"embeddable":true,"href":"http:\/\/aula21.net\/aulablog21\/wp-json\/wp\/v2\/comments?post=1424"}],"version-history":[{"count":0,"href":"http:\/\/aula21.net\/aulablog21\/wp-json\/wp\/v2\/posts\/1424\/revisions"}],"wp:attachment":[{"href":"http:\/\/aula21.net\/aulablog21\/wp-json\/wp\/v2\/media?parent=1424"}],"wp:term":[{"taxonomy":"category","embeddable":true,"href":"http:\/\/aula21.net\/aulablog21\/wp-json\/wp\/v2\/categories?post=1424"},{"taxonomy":"post_tag","embeddable":true,"href":"http:\/\/aula21.net\/aulablog21\/wp-json\/wp\/v2\/tags?post=1424"}],"curies":[{"name":"wp","href":"https:\/\/api.w.org\/{rel}","templated":true}]}}