{"id":1426,"date":"2007-08-23T16:56:42","date_gmt":"2007-08-23T15:56:42","guid":{"rendered":"http:\/\/www.aula21.net\/aulablog21\/archives\/2007\/08\/23\/logre-resolver-el-cubo-de-rubik\/"},"modified":"2007-08-23T17:11:40","modified_gmt":"2007-08-23T16:11:40","slug":"logre-resolver-el-cubo-de-rubik","status":"publish","type":"post","link":"http:\/\/aula21.net\/aulablog21\/archives\/2007\/08\/23\/logre-resolver-el-cubo-de-rubik\/","title":{"rendered":"Logr\u00e9 resolver el cubo de Rubik"},"content":{"rendered":"<p>Ya era hora, por fin lo logr\u00e9 aunque este sea m\u00e1s f\u00e1cil que el original.<br \/>\n<img decoding=\"async\" src=\"http:\/\/www.dumpr.net\/static\/26\/6c8e9551b28ae537_o.jpg\" alt=\"cuborubik\" \/><\/p>\n<p>\u00bfPor qu\u00e9 me gustar\u00e1n tanto estas chorradas?. <a href=\"http:\/\/www.dumpr.net\/rubik.php\">Creado en esta web.<\/a><\/p>\n<p>Mi mente est\u00e1 bastante ordenadita despu\u00e9s de un mont\u00f3n de semanas de vacaciones tal como se aprecia en la imagen pero mucho me temo que ser\u00e1 perturbada por el comienzo del curso que ya est\u00e1 pr\u00f3ximo. A ello contribuir\u00e1n especialmente esos espec\u00edmenes que pululando por las consejer\u00edas de educaci\u00f3n llevan d\u00e9cadas sin pisar un centro de ense\u00f1anza y se dedican a darnos lecciones invent\u00e1ndose absurdos decretos y queriendo reinventar la rueda para justificar su sueldo.<br \/>\nA mi no me enga\u00f1an, la Educaci\u00f3n  para la Ciudadan\u00eda es una cortina de humo con la que  pretenden ocultar los verdaderos problemas de la ense\u00f1anza, es el trapo que ha sacado el Sr. ZP y la gente lo ha embestido para su regocijo. <\/p>\n","protected":false},"excerpt":{"rendered":"<p>Ya era hora, por fin lo logr\u00e9 aunque este sea m\u00e1s f\u00e1cil que el original. \u00bfPor qu\u00e9 me gustar\u00e1n tanto estas chorradas?. Creado en esta web. Mi mente est\u00e1 bastante ordenadita despu\u00e9s de un mont\u00f3n de semanas de vacaciones tal como se aprecia en la imagen pero mucho me temo que ser\u00e1 perturbada por el [&hellip;]<\/p>\n","protected":false},"author":1,"featured_media":0,"comment_status":"open","ping_status":"open","sticky":false,"template":"","format":"standard","meta":{"footnotes":""},"categories":[17,19,10],"tags":[],"class_list":["post-1426","post","type-post","status-publish","format-standard","hentry","category-articulos","category-educacion","category-utilidades"],"_links":{"self":[{"href":"http:\/\/aula21.net\/aulablog21\/wp-json\/wp\/v2\/posts\/1426","targetHints":{"allow":["GET"]}}],"collection":[{"href":"http:\/\/aula21.net\/aulablog21\/wp-json\/wp\/v2\/posts"}],"about":[{"href":"http:\/\/aula21.net\/aulablog21\/wp-json\/wp\/v2\/types\/post"}],"author":[{"embeddable":true,"href":"http:\/\/aula21.net\/aulablog21\/wp-json\/wp\/v2\/users\/1"}],"replies":[{"embeddable":true,"href":"http:\/\/aula21.net\/aulablog21\/wp-json\/wp\/v2\/comments?post=1426"}],"version-history":[{"count":0,"href":"http:\/\/aula21.net\/aulablog21\/wp-json\/wp\/v2\/posts\/1426\/revisions"}],"wp:attachment":[{"href":"http:\/\/aula21.net\/aulablog21\/wp-json\/wp\/v2\/media?parent=1426"}],"wp:term":[{"taxonomy":"category","embeddable":true,"href":"http:\/\/aula21.net\/aulablog21\/wp-json\/wp\/v2\/categories?post=1426"},{"taxonomy":"post_tag","embeddable":true,"href":"http:\/\/aula21.net\/aulablog21\/wp-json\/wp\/v2\/tags?post=1426"}],"curies":[{"name":"wp","href":"https:\/\/api.w.org\/{rel}","templated":true}]}}