{"id":1433,"date":"2007-08-30T15:16:35","date_gmt":"2007-08-30T14:16:35","guid":{"rendered":"http:\/\/www.aula21.net\/aulablog21\/archives\/2007\/08\/30\/mr-wong-y-wikispaces-presentes-en-educaparty-2007\/"},"modified":"2007-08-30T23:48:33","modified_gmt":"2007-08-30T22:48:33","slug":"mr-wong-y-wikispaces-presentes-en-educaparty-2007","status":"publish","type":"post","link":"http:\/\/aula21.net\/aulablog21\/archives\/2007\/08\/30\/mr-wong-y-wikispaces-presentes-en-educaparty-2007\/","title":{"rendered":"Mr. Wong y Wikispaces presentes en Educaparty 2007"},"content":{"rendered":"<p>\n<a href=\"http:\/\/www.educared.net\/educared\/visualizacion\/jsp\/educaparty2007\/index.jsp?idapr=1_1343_esp_1__\">Esta edici\u00f3n de Educaparty <\/a>se celebrar\u00e1 en Santander los d\u00edas 3 y 4 de septiembre y est\u00e1 especialmente dedicada al uso educativo de la Web 2.0.<br \/>\nBlogs, podcast, wikis y redes sociales aplicadas a la educaci\u00f3n forman parte de la nueva generaci\u00f3n de aplicaciones de Internet que sacan el m\u00e1ximo partido a la participaci\u00f3n del usuario.<br \/>\nHe abierto <a href=\"http:\/\/educaparty2007.wikispaces.com\/\">este wiki <\/a>como herramienta de apoyo a las dos actividades que coordino en EducaParty:<\/p>\n<p>    * <a href=\"http:\/\/educaparty2007.wikispaces.com\/marcadpressociales0#tocintromarcadoressociales0\">Blog Party<\/a> \u00fanete a la red social. Lunes por la tarde de 16 a 17 horas<br \/>\n    * <a href=\"http:\/\/educaparty2007.wikispaces.com\/primerospasoswikis\">Panel de wikis<\/a> . Martes por la tarde de 16 a 17 horas.<br \/>\nMa\u00f1ana a las 10 salgo en Autob\u00fas hacia Santander me espera un largo viaje pero estoy muy ilusionado, conocer\u00e9 a un mont\u00f3n de gente y aprender\u00e9 nuevas ideas relacionadas con el uso de la tecnolog\u00eda digital en el aula.<\/p>\n","protected":false},"excerpt":{"rendered":"<p>Esta edici\u00f3n de Educaparty se celebrar\u00e1 en Santander los d\u00edas 3 y 4 de septiembre y est\u00e1 especialmente dedicada al uso educativo de la Web 2.0. Blogs, podcast, wikis y redes sociales aplicadas a la educaci\u00f3n forman parte de la nueva generaci\u00f3n de aplicaciones de Internet que sacan el m\u00e1ximo partido a la participaci\u00f3n del [&hellip;]<\/p>\n","protected":false},"author":1,"featured_media":0,"comment_status":"open","ping_status":"open","sticky":false,"template":"","format":"standard","meta":{"footnotes":""},"categories":[15,28],"tags":[],"class_list":["post-1433","post","type-post","status-publish","format-standard","hentry","category-tags-y-social-bookmarking","category-web20"],"_links":{"self":[{"href":"http:\/\/aula21.net\/aulablog21\/wp-json\/wp\/v2\/posts\/1433","targetHints":{"allow":["GET"]}}],"collection":[{"href":"http:\/\/aula21.net\/aulablog21\/wp-json\/wp\/v2\/posts"}],"about":[{"href":"http:\/\/aula21.net\/aulablog21\/wp-json\/wp\/v2\/types\/post"}],"author":[{"embeddable":true,"href":"http:\/\/aula21.net\/aulablog21\/wp-json\/wp\/v2\/users\/1"}],"replies":[{"embeddable":true,"href":"http:\/\/aula21.net\/aulablog21\/wp-json\/wp\/v2\/comments?post=1433"}],"version-history":[{"count":0,"href":"http:\/\/aula21.net\/aulablog21\/wp-json\/wp\/v2\/posts\/1433\/revisions"}],"wp:attachment":[{"href":"http:\/\/aula21.net\/aulablog21\/wp-json\/wp\/v2\/media?parent=1433"}],"wp:term":[{"taxonomy":"category","embeddable":true,"href":"http:\/\/aula21.net\/aulablog21\/wp-json\/wp\/v2\/categories?post=1433"},{"taxonomy":"post_tag","embeddable":true,"href":"http:\/\/aula21.net\/aulablog21\/wp-json\/wp\/v2\/tags?post=1433"}],"curies":[{"name":"wp","href":"https:\/\/api.w.org\/{rel}","templated":true}]}}