{"id":1439,"date":"2007-09-07T15:38:37","date_gmt":"2007-09-07T14:38:37","guid":{"rendered":"http:\/\/www.aula21.net\/aulablog21\/archives\/2007\/09\/07\/el-fracaso-escolar-en-la-escuela-publica-es-mas-del-doble-que-en-la-concertada\/"},"modified":"2007-09-07T16:28:28","modified_gmt":"2007-09-07T15:28:28","slug":"el-fracaso-escolar-en-la-escuela-publica-es-mas-del-doble-que-en-la-concertada","status":"publish","type":"post","link":"http:\/\/aula21.net\/aulablog21\/archives\/2007\/09\/07\/el-fracaso-escolar-en-la-escuela-publica-es-mas-del-doble-que-en-la-concertada\/","title":{"rendered":"El fracaso escolar en la escuela p\u00fablica es m\u00e1s del doble que en la concertada"},"content":{"rendered":"<blockquote><p>El fracaso escolar  en la educaci\u00f3n p\u00fablica se sit\u00faa en el 33%, m\u00e1s del doble que en la concertada (13,9 %) y muy por encima de la privada (3,6%), seg\u00fan los datos publicados por la revista Magisterio a partir de cifras del INE.<\/p><\/blockquote>\n<p>Estos datos y m\u00e1s <a href=\"http:\/\/www.20minutos.es\/noticia\/272823\/0\/fracaso\/escolar\/privadas\/\">podemos leer en este art\u00edculo<\/a>.<br \/>\nLos datos est\u00e1n sacados de los siguientes art\u00edculos de la revista Magisterio:<br \/>\n&#8211;<a href=\"http:\/\/www.magisnet.com\/articulos.asp?idarticulo=2815\">\u00bfDe d\u00f3nde viene el fracaso escolar?(I)<\/a><br \/>\n&#8211; <a href=\"http:\/\/www.magisnet.com\/articulos.asp?idarticulo=2816\">\u00bfDe d\u00f3nde viene el fracaso escolar? (II)<\/a><\/p>\n","protected":false},"excerpt":{"rendered":"<p>El fracaso escolar en la educaci\u00f3n p\u00fablica se sit\u00faa en el 33%, m\u00e1s del doble que en la concertada (13,9 %) y muy por encima de la privada (3,6%), seg\u00fan los datos publicados por la revista Magisterio a partir de cifras del INE. Estos datos y m\u00e1s podemos leer en este art\u00edculo. Los datos est\u00e1n [&hellip;]<\/p>\n","protected":false},"author":1,"featured_media":0,"comment_status":"open","ping_status":"open","sticky":false,"template":"","format":"standard","meta":{"footnotes":""},"categories":[17,19,1],"tags":[],"class_list":["post-1439","post","type-post","status-publish","format-standard","hentry","category-articulos","category-educacion","category-miscelanea"],"_links":{"self":[{"href":"http:\/\/aula21.net\/aulablog21\/wp-json\/wp\/v2\/posts\/1439","targetHints":{"allow":["GET"]}}],"collection":[{"href":"http:\/\/aula21.net\/aulablog21\/wp-json\/wp\/v2\/posts"}],"about":[{"href":"http:\/\/aula21.net\/aulablog21\/wp-json\/wp\/v2\/types\/post"}],"author":[{"embeddable":true,"href":"http:\/\/aula21.net\/aulablog21\/wp-json\/wp\/v2\/users\/1"}],"replies":[{"embeddable":true,"href":"http:\/\/aula21.net\/aulablog21\/wp-json\/wp\/v2\/comments?post=1439"}],"version-history":[{"count":0,"href":"http:\/\/aula21.net\/aulablog21\/wp-json\/wp\/v2\/posts\/1439\/revisions"}],"wp:attachment":[{"href":"http:\/\/aula21.net\/aulablog21\/wp-json\/wp\/v2\/media?parent=1439"}],"wp:term":[{"taxonomy":"category","embeddable":true,"href":"http:\/\/aula21.net\/aulablog21\/wp-json\/wp\/v2\/categories?post=1439"},{"taxonomy":"post_tag","embeddable":true,"href":"http:\/\/aula21.net\/aulablog21\/wp-json\/wp\/v2\/tags?post=1439"}],"curies":[{"name":"wp","href":"https:\/\/api.w.org\/{rel}","templated":true}]}}