{"id":1444,"date":"2007-09-22T17:15:29","date_gmt":"2007-09-22T16:15:29","guid":{"rendered":"http:\/\/www.aula21.net\/aulablog21\/archives\/2007\/09\/22\/redem-red-educativa-mundial\/"},"modified":"2007-09-22T17:15:29","modified_gmt":"2007-09-22T16:15:29","slug":"redem-red-educativa-mundial","status":"publish","type":"post","link":"http:\/\/aula21.net\/aulablog21\/archives\/2007\/09\/22\/redem-red-educativa-mundial\/","title":{"rendered":"Redem. Red Educativa Mundial"},"content":{"rendered":"<p><a href=\"http:\/\/www.redem.org\/\">REDEM <\/a>est\u00e1 ofreciendo totalmente GRATIS a escuelas y colegios del Per\u00fa y del Mundo  una efectiva presencia en Internet (p\u00e1gina web), esto es posible gracias a los aportes de empresas y personas que colaboran con su visi\u00f3n de integrar a los educandos del mundo en una RED COLABORATIVA usando los  recursos que la Internet  brinda.<br \/>\nREDEM  brinda un Directorio de Escuelas y colegios que tienen presencia en Internet, as\u00ed como una biblioteca tem\u00e1tica que se incrementa y actualiza constantemente en contenidos. Un lugar de consulta imprescindible  para las tareas escolares.<br \/>\nOtro gran aporte de REDEM es la integraci\u00f3n de lo que se podr\u00eda llamar <a href=\"http:\/\/www.redem.org\/redemtv.html \">Televisi\u00f3n por Internet a trav\u00e9s de REDEM TV.<\/a><br \/>\nSeg\u00fan Martin Porras Director General de REDEM una red integrada de educandos de diferentes niveles educativos disminuir\u00e1  las brechas que generan la pobreza y la falta de recursos, as\u00ed como integrar a grupos sociales y culturales diversos, permitiendo sembrar en una etapa formativa de los estudiantes lazos de amistad, solidaridad en un entorno cimentado en  valores \u00e9ticos.<br \/>\n<a href=\"http:\/\/www.redem.org\/redemtvNational.html\">En su secci\u00f3n de v\u00eddeos<\/a> descubro verdaderas joyas. Lo malo es que en el instituto el filtro de la Junta impide verlos, tiene raz\u00f3n Carlos cuando dice <a href=\"http:\/\/www.extremaduraclasica.com\/bitacora\/2007\/09\/22\/september\/\">en un reciente art\u00edculo<\/a>:<\/p>\n<blockquote><p>La integraci\u00f3n de la tecnolog\u00eda en educaci\u00f3n sigue siendo una pantomima. Ni las administraciones educativas se toman el asunto en serio, ni, a lo que parece, ha llegado el momento oportuno: habr\u00e1 que esperar unas decenas de a\u00f1os.<\/p>\n","protected":false},"excerpt":{"rendered":"<p>REDEM est\u00e1 ofreciendo totalmente GRATIS a escuelas y colegios del Per\u00fa y del Mundo una efectiva presencia en Internet (p\u00e1gina web), esto es posible gracias a los aportes de empresas y personas que colaboran con su visi\u00f3n de integrar a los educandos del mundo en una RED COLABORATIVA usando los recursos que la Internet brinda. [&hellip;]<\/p>\n","protected":false},"author":1,"featured_media":0,"comment_status":"open","ping_status":"open","sticky":false,"template":"","format":"standard","meta":{"footnotes":""},"categories":[8],"tags":[],"class_list":["post-1444","post","type-post","status-publish","format-standard","hentry","category-educacion_e_internet"],"_links":{"self":[{"href":"http:\/\/aula21.net\/aulablog21\/wp-json\/wp\/v2\/posts\/1444","targetHints":{"allow":["GET"]}}],"collection":[{"href":"http:\/\/aula21.net\/aulablog21\/wp-json\/wp\/v2\/posts"}],"about":[{"href":"http:\/\/aula21.net\/aulablog21\/wp-json\/wp\/v2\/types\/post"}],"author":[{"embeddable":true,"href":"http:\/\/aula21.net\/aulablog21\/wp-json\/wp\/v2\/users\/1"}],"replies":[{"embeddable":true,"href":"http:\/\/aula21.net\/aulablog21\/wp-json\/wp\/v2\/comments?post=1444"}],"version-history":[{"count":0,"href":"http:\/\/aula21.net\/aulablog21\/wp-json\/wp\/v2\/posts\/1444\/revisions"}],"wp:attachment":[{"href":"http:\/\/aula21.net\/aulablog21\/wp-json\/wp\/v2\/media?parent=1444"}],"wp:term":[{"taxonomy":"category","embeddable":true,"href":"http:\/\/aula21.net\/aulablog21\/wp-json\/wp\/v2\/categories?post=1444"},{"taxonomy":"post_tag","embeddable":true,"href":"http:\/\/aula21.net\/aulablog21\/wp-json\/wp\/v2\/tags?post=1444"}],"curies":[{"name":"wp","href":"https:\/\/api.w.org\/{rel}","templated":true}]}}