{"id":1447,"date":"2007-09-27T17:40:57","date_gmt":"2007-09-27T16:40:57","guid":{"rendered":"http:\/\/www.aula21.net\/aulablog21\/archives\/2007\/09\/27\/hemos-de-resistirnos-a-admitir-el-fracaso-escolar\/"},"modified":"2007-09-27T17:45:53","modified_gmt":"2007-09-27T16:45:53","slug":"hemos-de-resistirnos-a-admitir-el-fracaso-escolar","status":"publish","type":"post","link":"http:\/\/aula21.net\/aulablog21\/archives\/2007\/09\/27\/hemos-de-resistirnos-a-admitir-el-fracaso-escolar\/","title":{"rendered":"Hemos de resistirnos a admitir el fracaso escolar"},"content":{"rendered":"<p>Recientemente se ha presentado en Madrid el libro \u00bfFracaso escolar?, elaborado por el Foro Calidad y Libertad de la Ense\u00f1anza \u2013Foro presidido por el economista Juan Velarde- , una aproximaci\u00f3n a una de las principales lacras que sufre Espa\u00f1a.<\/p>\n<p>Podemos leer rese\u00f1as acerca del mismo en:<\/p>\n<ul>\n<li><a href=\"http:\/\/www.magisnet.com\/articulos.asp?idarticulo=2875\">Magisnet<\/a>.\n<li><a href=\"http:\/\/comunidad-escolar.pntic.mec.es\/816\/info7.html\">Comunidad Escolar.<\/a>\n<li><a href=\"http:\/\/www.abc.es\/20070925\/sociedad-educacion\/informe-ocde-sobre-educacion_200709250306.html\">El informe de la OCDE sobre Educaci\u00f3n dispara las alarmas<\/a><\/li>\n<\/ul>\n<p>&nbsp;<\/p>\n<p>Sorpresa me causa leer:<\/p>\n<blockquote>\n<p>Alejandro Triana (secretario general de Educaci\u00f3n)&nbsp;tras reconocer que el no permitir seguir estudiando a aquellos alumnos que salen del sistema educativo sin t\u00edtulo de ESO, como se hace en Espa\u00f1a desde la Logse de 1990, fue un \u201ccambio significativo\u201d que la LOE quiere corregir, afirm\u00f3 que \u201csi no conseguimos elevar el nivel de formaci\u00f3n de nuestros j\u00f3venes hasta el nivel de la Uni\u00f3n Europea tendremos dificultades\u201d. Aunque neg\u00f3 que nuestro sistema educativo fuera \u201cdesastroso\u201d.<\/p>\n<\/blockquote>\n<p>Los responsables del fracaso vienen ahora en plan salvadores.<\/p>\n<p>Y digo yo&#8230;. si es tan interesante&nbsp;el libro, tan importante combatir el cambio clim\u00e1tico ahorrando papel y fomentar el uso de internet \u00bfpor qu\u00e9 no lo ponen en pdf en la web para ser descargado gratuitamente y podamos enterarnos todos de las soluciones al problema ?<\/p>\n<p>Gane quien gane las pr\u00f3ximas elecciones los&nbsp;docentes y padres pedimos a gritos un pacto por la mejora de la educaci\u00f3n en nuestro pa\u00eds en el que est\u00e9n de acuerdo los principales partidos pol\u00edticos sin exclusi\u00f3n.<\/p>\n<p>La \u00faltima ocurrencia para mejorar la ense\u00f1anza ha sido eliminar <a href=\"http:\/\/www.larazon.es\/noticias\/noti_soc9383.htm\">Filosof\u00eda de Primero de Bachillerato para introducir Ciudadan\u00eda.<\/a>&nbsp; Estos chicos del PSOE no tienen remedio, lo malo es que los perjudicados son los alumnos. Los del PP no&nbsp;van a la zaga, con su \u00faltima ocurrencia resulta que <a href=\"http:\/\/www.levante-emv.com\/secciones\/noticia.jsp?pRef=3664_19_347748__Comunitat_Valenciana-profesores-Filosofia-Historia-deberan-aprender-ingles-contrarreloj-para-Ciudadania\">Los profesores de Filosof\u00eda e Historia deber\u00e1n aprender ingles contrarreloj para dar Ciudadan\u00eda<\/a>&nbsp;.<\/p>\n<p>\u00bf A quien se le ocurrir\u00e1 la pr\u00f3xima jodiurita ?<\/p>\n<p><a href=\"http:\/\/www.lne.es\/secciones\/noticia.jsp?pRef=1757_36_556189__Aviles-PecesBarba-Solo-rechazan-Educacion-para-Ciudadania-enemigos-democracia\">El Sr. Peces Barba se atreve a llamar nada menos que enemigo de la democracia<\/a> a todo aquel que est\u00e9 en contra de implantar ciudadan\u00eda. \u00a1 Qu\u00e9 tio m\u00e1s dem\u00f3crata !<\/p>\n","protected":false},"excerpt":{"rendered":"<p>Recientemente se ha presentado en Madrid el libro \u00bfFracaso escolar?, elaborado por el Foro Calidad y Libertad de la Ense\u00f1anza \u2013Foro presidido por el economista Juan Velarde- , una aproximaci\u00f3n a una de las principales lacras que sufre Espa\u00f1a. Podemos leer rese\u00f1as acerca del mismo en: Magisnet. Comunidad Escolar. El informe de la OCDE sobre [&hellip;]<\/p>\n","protected":false},"author":1,"featured_media":0,"comment_status":"open","ping_status":"open","sticky":false,"template":"","format":"standard","meta":{"footnotes":""},"categories":[17,8],"tags":[],"class_list":["post-1447","post","type-post","status-publish","format-standard","hentry","category-articulos","category-educacion_e_internet"],"_links":{"self":[{"href":"http:\/\/aula21.net\/aulablog21\/wp-json\/wp\/v2\/posts\/1447","targetHints":{"allow":["GET"]}}],"collection":[{"href":"http:\/\/aula21.net\/aulablog21\/wp-json\/wp\/v2\/posts"}],"about":[{"href":"http:\/\/aula21.net\/aulablog21\/wp-json\/wp\/v2\/types\/post"}],"author":[{"embeddable":true,"href":"http:\/\/aula21.net\/aulablog21\/wp-json\/wp\/v2\/users\/1"}],"replies":[{"embeddable":true,"href":"http:\/\/aula21.net\/aulablog21\/wp-json\/wp\/v2\/comments?post=1447"}],"version-history":[{"count":0,"href":"http:\/\/aula21.net\/aulablog21\/wp-json\/wp\/v2\/posts\/1447\/revisions"}],"wp:attachment":[{"href":"http:\/\/aula21.net\/aulablog21\/wp-json\/wp\/v2\/media?parent=1447"}],"wp:term":[{"taxonomy":"category","embeddable":true,"href":"http:\/\/aula21.net\/aulablog21\/wp-json\/wp\/v2\/categories?post=1447"},{"taxonomy":"post_tag","embeddable":true,"href":"http:\/\/aula21.net\/aulablog21\/wp-json\/wp\/v2\/tags?post=1447"}],"curies":[{"name":"wp","href":"https:\/\/api.w.org\/{rel}","templated":true}]}}