{"id":145,"date":"2005-01-04T21:58:24","date_gmt":"2005-01-04T20:58:24","guid":{"rendered":"http:\/\/127.0.0.1\/wordpress2\/index.php\/archives\/2005\/01\/04\/reyes-magos-y-magas\/"},"modified":"2005-01-04T22:02:26","modified_gmt":"2005-01-04T21:02:26","slug":"reyes-magos-y-magas","status":"publish","type":"post","link":"http:\/\/aula21.net\/aulablog21\/archives\/2005\/01\/04\/reyes-magos-y-magas\/","title":{"rendered":"Reyes Magos y Magas"},"content":{"rendered":"<p>Me ha gustado un mont\u00f3n el art\u00edculo que Arturo P\u00e9rez-Reverte ha publicado en el suplemento dominical  \u00bb El Semanal \u00ab.<br \/>\nVerdaderamente a este paso con el nuevo gobierno de ZP pronto a nuestro querido pa\u00eds desgraciadamente no lo va a reconocer ni la madre que lo pari\u00f3.<br \/>\nEspero que los Reyes Magos les echen a ZP y compa\u00f1\u00eda un poquito de cordura.<br \/>\n<a href=\"http:\/\/www.clubelsemanal.com\/web\/firma.php?id_edicion=99&#038;id_firma=715\">Aqu\u00ed os dejo el enlace <\/a>al art\u00edculo en cuesti\u00f3n.<\/p>\n","protected":false},"excerpt":{"rendered":"<p>Me ha gustado un mont\u00f3n el art\u00edculo que Arturo P\u00e9rez-Reverte ha publicado en el suplemento dominical \u00bb El Semanal \u00ab. Verdaderamente a este paso con el nuevo gobierno de ZP pronto a nuestro querido pa\u00eds desgraciadamente no lo va a reconocer ni la madre que lo pari\u00f3. Espero que los Reyes Magos les echen a [&hellip;]<\/p>\n","protected":false},"author":1,"featured_media":0,"comment_status":"open","ping_status":"open","sticky":false,"template":"","format":"standard","meta":{"footnotes":""},"categories":[1],"tags":[],"class_list":["post-145","post","type-post","status-publish","format-standard","hentry","category-miscelanea"],"_links":{"self":[{"href":"http:\/\/aula21.net\/aulablog21\/wp-json\/wp\/v2\/posts\/145","targetHints":{"allow":["GET"]}}],"collection":[{"href":"http:\/\/aula21.net\/aulablog21\/wp-json\/wp\/v2\/posts"}],"about":[{"href":"http:\/\/aula21.net\/aulablog21\/wp-json\/wp\/v2\/types\/post"}],"author":[{"embeddable":true,"href":"http:\/\/aula21.net\/aulablog21\/wp-json\/wp\/v2\/users\/1"}],"replies":[{"embeddable":true,"href":"http:\/\/aula21.net\/aulablog21\/wp-json\/wp\/v2\/comments?post=145"}],"version-history":[{"count":0,"href":"http:\/\/aula21.net\/aulablog21\/wp-json\/wp\/v2\/posts\/145\/revisions"}],"wp:attachment":[{"href":"http:\/\/aula21.net\/aulablog21\/wp-json\/wp\/v2\/media?parent=145"}],"wp:term":[{"taxonomy":"category","embeddable":true,"href":"http:\/\/aula21.net\/aulablog21\/wp-json\/wp\/v2\/categories?post=145"},{"taxonomy":"post_tag","embeddable":true,"href":"http:\/\/aula21.net\/aulablog21\/wp-json\/wp\/v2\/tags?post=145"}],"curies":[{"name":"wp","href":"https:\/\/api.w.org\/{rel}","templated":true}]}}