{"id":1460,"date":"2007-10-08T15:15:33","date_gmt":"2007-10-08T14:15:33","guid":{"rendered":"http:\/\/www.aula21.net\/aulablog21\/archives\/2007\/10\/08\/visitando-edublogs-i\/"},"modified":"2007-10-08T15:20:49","modified_gmt":"2007-10-08T14:20:49","slug":"visitando-edublogs-i","status":"publish","type":"post","link":"http:\/\/aula21.net\/aulablog21\/archives\/2007\/10\/08\/visitando-edublogs-i\/","title":{"rendered":"Visitando Edublogs (Octubre 2007)"},"content":{"rendered":"<p>Muchos son los tipos de Edublogs que existen, la mayor\u00eda perfectamente clasificados en el nuevo&nbsp;<a href=\"http:\/\/www.fzayas.com\/darlealalengua\/?p=358\">mapa conceptual de Felipe Zayas<\/a>.<\/p>\n<p>Quiero recoger en esta nueva&nbsp;serie de&nbsp;articulos edublogs en general pero me gustar\u00eda centrarme&nbsp;especialmente en&nbsp;todos aquellos blogs en los que participen los alumnos.<\/p>\n<ul>\n<li>Me gusta estar atento a todo lo que hace Felipe Zayas. Un nuevo curso con su c\u00e9lebre blog <a href=\"http:\/\/www.lacoctelera.com\/darlealalengua\">En El Villena<\/a>. En el mismo participan los alumnos de la optativa <a href=\"http:\/\/optativaprensa.googlepages.com\">Redacci\u00f3n y Dise\u00f1o de Prensa<\/a> .Adem\u00e1s para su grupo de&nbsp;&nbsp;Compensatoria (2\u00ba de ESO) ha abierto un nuevo blog, <a href=\"http:\/\/fzayas.com\/ambito-ls\">\u00c1mbito ling\u00fc\u00edstico y social<\/a>&nbsp;y tiene un nuevo blog para 2\u00ba de Bachillerato <a href=\"http:\/\/isabeldevillena.es\/con-textos\/\">Con textos<\/a>, al que ha asociado un wiki&nbsp; <a href=\"http:\/\/fzayas.com\/con-textos\/index.php\/Portada\">Con textos (wiki)<\/a>. Todo un maestro que predica con el ejemplo.<br \/> \n<li><a href=\"http:\/\/jserrano.villatic.org\/blog\/about\/\">Jes\u00fas Serrano<\/a> es profesor de Ed. Musical y coordinador TIC en el \u201cCEIP Ram\u00f3n G\u00f3mez de la Serna\u201d de Madrid y el presente curso&nbsp; <a title=\"http:\/\/jserrano.villatic.org\/blog\/about\/\" href=\"http:\/\/jserrano.villatic.org\/blog\/about\/\">ha creado un blog titulado \u00bb&nbsp;<a href=\"http:\/\/conociendo.wordpress.com\/\">CONOciendo el medio\u00bb <\/a>en el que<\/a>&nbsp;incluir\u00e1 las actividades que&nbsp;lleve a&nbsp; cabo &nbsp;en el&nbsp;\u00e1rea de Conocimiento del Medio&nbsp;con sus alumnos de 3\u00ba de Primaria.&nbsp;Para los dos grupos de 5\u00ba de Primaria a los que imparte pl\u00e1stica ha abierto&nbsp;el blog <a href=\"http:\/\/plasticando.wordpress.com\/\">PLASTICAndo. Art\u00edstica en Primaria<\/a>. De todo ello da cuenta <a href=\"http:\/\/jserrano.villatic.org\/blog\/nuevos-blogs-de-aula\/\">en este art\u00edculo<\/a>. <br \/> \n<li><a href=\"http:\/\/giorgettiantonella.blogspot.com\/\">Blog de Ma.Antonella Giorgetti<\/a>&nbsp;estudiante de Arquitectura en de Santa Fe (Argentina). <br \/> \n<li><a href=\"http:\/\/itinerario-csalio.blogspot.com\/\">Itinerario virtual de una Diplomatura<\/a> blog de Clauidia Salio de Buenos Aires. <\/li>\n<div class=\"wlWriterSmartContent\" id=\"0767317B-992E-4b12-91E0-4F059A8CECA8:529e9f6e-1014-4033-a72e-caa2984e70d6\" contenteditable=\"false\" style=\"padding-right: 0px; display: inline; padding-left: 0px; padding-bottom: 0px; margin: 0px; padding-top: 0px\">Technorati tags: <a href=\"http:\/\/technorati.com\/tags\/edublogs\" rel=\"tag\">edublogs<\/a>, <a href=\"http:\/\/technorati.com\/tags\/blogfesores\" rel=\"tag\">blogfesores<\/a><\/div>\n<li><a href=\"http:\/\/desdemurcia.blogia.com\/\">Desde Murcia blog<\/a> de Carlos Arribas. Profesor de F\u00edsica y Qu\u00edmica y Educaci\u00f3n F\u00edsica. <\/li>\n<li>\n<p><a href=\"http:\/\/eats.wordpress.com\">Proyecto DTEV<\/a>&nbsp;<em>Ense\u00f1ar y aprender tecnolog\u00eda en entornos virtuales.&nbsp;B<\/em>log&nbsp; dedicado a la did\u00e1ctica de Tecnolog\u00eda en la ense\u00f1anza obligatoria, tiene su origen en una licencia por estudios durante el curso 2006 &#8211; 2007, para investigar sobre la ense\u00f1anza y el aprendizaje tecnol\u00f3gico en entornos virtuales.<\/p>\n<li>\n<p><a href=\"http:\/\/arrukero.com\/potachov\/blog\/\">El genial Prrofesor Pot\u00e2chov<\/a> pone en marcha para el curso 2007708 <a href=\"http:\/\/www.arrukero.com\/blogdeclase\/\">un nuevo blog de aula<\/a>&nbsp;en el que los alumnos de 6\u00ba de primaria del Colegio La Canal de Luanco (Asturias), en el mismo publicar\u00e1 recursos y actividades de&nbsp;Lengua y Pl\u00e1stica de 6\u00ba curso de primaria.<\/p>\n<li>\n<p><a href=\"http:\/\/ividal.com\/joomla\/blogs-de-aula\/taller-de-blogs-en-2-de-eso-3.html\">Isidro Vidal<\/a> otra autoridad en el mundo de los edublogs contin\u00faa con&nbsp; la asignatura optativa de 2\u00ba de ESO&nbsp;Taller de blogs, para ello <a href=\"http:\/\/ticsidro2.wordpress.com\/\">ha abierto un nuevo blog<\/a>. El primer <a href=\"http:\/\/ticsidro.wordpress.com\/2006\/09\/29\/prueba-de-video\/\">Taller de blogs<\/a>&nbsp;es una fuente imprescindible de conocimiento para aquellos profes y alumnos&nbsp;que quieran inicarse en este mundillo.<\/p>\n<li>\n<p><a href=\"http:\/\/www.vidadigital.net\/blog\/\">Mario N\u00fa\u00f1ez<\/a> da un <a href=\"http:\/\/slides.diigo.com\/list\/digizen\/directorio-de-blogfesores\">repaso a los nuevos blogs<\/a> incorporados al <a href=\"http:\/\/www.blogfesor.org\/directorio\/\">directorio de Blogfesores<\/a>. <\/p>\n<\/li>\n<\/ul>\n<p>Hay quien dice que en la blogosfera educativa algunos pecan de blogamia y \u00fanicamente hacen referencia a blogs consolidados y famosos&nbsp;pero a mi me encanta especialmente dar a conocer nuevos blogs.&nbsp;Si usas los blogs con&nbsp;tus alumnos&nbsp;no dudes en escribirme y me pasar\u00e9 a visitarlos&nbsp;para rese\u00f1arlos en aulablog21 en un pr\u00f3ximo art\u00edculo.<\/p>\n","protected":false},"excerpt":{"rendered":"<p>Muchos son los tipos de Edublogs que existen, la mayor\u00eda perfectamente clasificados en el nuevo&nbsp;mapa conceptual de Felipe Zayas. Quiero recoger en esta nueva&nbsp;serie de&nbsp;articulos edublogs en general pero me gustar\u00eda centrarme&nbsp;especialmente en&nbsp;todos aquellos blogs en los que participen los alumnos. Me gusta estar atento a todo lo que hace Felipe Zayas. Un nuevo curso [&hellip;]<\/p>\n","protected":false},"author":1,"featured_media":0,"comment_status":"open","ping_status":"open","sticky":false,"template":"","format":"standard","meta":{"footnotes":""},"categories":[2],"tags":[],"class_list":["post-1460","post","type-post","status-publish","format-standard","hentry","category-weblogs_en_el_aula"],"_links":{"self":[{"href":"http:\/\/aula21.net\/aulablog21\/wp-json\/wp\/v2\/posts\/1460","targetHints":{"allow":["GET"]}}],"collection":[{"href":"http:\/\/aula21.net\/aulablog21\/wp-json\/wp\/v2\/posts"}],"about":[{"href":"http:\/\/aula21.net\/aulablog21\/wp-json\/wp\/v2\/types\/post"}],"author":[{"embeddable":true,"href":"http:\/\/aula21.net\/aulablog21\/wp-json\/wp\/v2\/users\/1"}],"replies":[{"embeddable":true,"href":"http:\/\/aula21.net\/aulablog21\/wp-json\/wp\/v2\/comments?post=1460"}],"version-history":[{"count":0,"href":"http:\/\/aula21.net\/aulablog21\/wp-json\/wp\/v2\/posts\/1460\/revisions"}],"wp:attachment":[{"href":"http:\/\/aula21.net\/aulablog21\/wp-json\/wp\/v2\/media?parent=1460"}],"wp:term":[{"taxonomy":"category","embeddable":true,"href":"http:\/\/aula21.net\/aulablog21\/wp-json\/wp\/v2\/categories?post=1460"},{"taxonomy":"post_tag","embeddable":true,"href":"http:\/\/aula21.net\/aulablog21\/wp-json\/wp\/v2\/tags?post=1460"}],"curies":[{"name":"wp","href":"https:\/\/api.w.org\/{rel}","templated":true}]}}