{"id":1472,"date":"2007-10-15T17:49:29","date_gmt":"2007-10-15T16:49:29","guid":{"rendered":"http:\/\/www.aula21.net\/aulablog21\/archives\/2007\/10\/15\/videoteca-de-la-aventura-del-saber-en-la-red\/"},"modified":"2007-10-15T17:52:35","modified_gmt":"2007-10-15T16:52:35","slug":"videoteca-de-la-aventura-del-saber-en-la-red","status":"publish","type":"post","link":"http:\/\/aula21.net\/aulablog21\/archives\/2007\/10\/15\/videoteca-de-la-aventura-del-saber-en-la-red\/","title":{"rendered":"Videoteca de &quot;La aventura del saber&quot; en la red"},"content":{"rendered":"<p>El programa de la segunda cadena de RTVE \u00abLa aventura del saber\u00bb pone a nuestra disposici\u00f3n en su web <a href=\"http:\/\/www.rtve.es\/FRONT_PROGRAMAS?go=111b735a516af85cb2e656ff03e93ddc3615d7f54158e866a4206bb9cca55fceac27915eb5c7b4586139b0ac2ea6d03f6fc766826b052c17c75fb41e1000e2e28de57af48cde6f6a\">una interesante videoteca<\/a> con magn\u00edficos documentales. No nos proporcionan el c\u00f3digo para insertar los v\u00eddeos en el blog pero es posible hacerlo.<\/p>\n<p><b>El programa se emite de lunes a jueves, a las 10:00 de la ma\u00f1ana <\/b><\/p>\n<p>A modo de revista cultural, \u201cLa Aventura del Saber\u201d repasa diariamente la actualidad en compa\u00f1\u00eda de un experto, ofrece amplios reportajes sobre temas de inter\u00e9s y analiza la labor que desarrollan personajes o asociaciones destacados. <br \/>La programaci\u00f3n abarca temas de naturaleza (lunes), asuntos sociales (martes), ciencia y tecnolog\u00eda (mi\u00e9rcoles) y humanidades (jueves).  <\/p>\n<p>RTVE nos cuesta un mont\u00f3n de dinero a todos los espa\u00f1oles,ya va siendo hora de que nos faciliten su uso educativo.<\/p>\n<p><strong>\u00a1Menos salsa rosa y m\u00e1s cultura !<\/strong><\/p>\n<p> <object codebase=\"http:\/\/download.macromedia.com\/pub\/shockwave\/cabs\/flash\/swflash.cab#version=6,0,29,0\" type=\"application\/x-shockwave-flash\" height=\"274\" width=\"320\" data=\"http:\/\/www.rtve.es\/ebdml\/1185\/player_2005.swf?video=http:\/\/www.rtve.es\/files\/76-39246-VIDEO\/Universo_matematico-_Newton_y_Leibniz.flv\"><\/object> <\/p>\n<p><strong>Universo matem\u00e1tico. Newton y Leibniz.<\/strong><\/p>\n<p>\u00a1 Pero que cosa m\u00e1s bonita !<\/p>\n<p>Mira por donde acabo de ver un documental sobre<strong> Extremadura.<\/strong><\/p>\n<p> <object codebase=\"http:\/\/download.macromedia.com\/pub\/shockwave\/cabs\/flash\/swflash.cab#version=6,0,29,0\" type=\"application\/x-shockwave-flash\" height=\"274\" width=\"320\" data=\"http:\/\/www.rtve.es\/ebdml\/1185\/player_2005.swf?video=http:\/\/www.rtve.es\/files\/76-39264-VIDEO\/Mundo_Rural-_Hecho_en_La_Serena.flv\"><img loading=\"lazy\" decoding=\"async\" src=\"\/files\/884--KEYFRAME\/\/imgfiles\/1\/bkg_listprog_activo_tve.jpg\" width=\"320\" height=\"274\" alt=\"Video de cabecera de vacio\"><\/object><\/p>\n","protected":false},"excerpt":{"rendered":"<p>El programa de la segunda cadena de RTVE \u00abLa aventura del saber\u00bb pone a nuestra disposici\u00f3n en su web una interesante videoteca con magn\u00edficos documentales. No nos proporcionan el c\u00f3digo para insertar los v\u00eddeos en el blog pero es posible hacerlo. El programa se emite de lunes a jueves, a las 10:00 de la ma\u00f1ana [&hellip;]<\/p>\n","protected":false},"author":1,"featured_media":0,"comment_status":"open","ping_status":"open","sticky":false,"template":"","format":"standard","meta":{"footnotes":""},"categories":[8,20,3],"tags":[],"class_list":["post-1472","post","type-post","status-publish","format-standard","hentry","category-educacion_e_internet","category-video","category-weblogs_herramientas_trucos_etc"],"_links":{"self":[{"href":"http:\/\/aula21.net\/aulablog21\/wp-json\/wp\/v2\/posts\/1472","targetHints":{"allow":["GET"]}}],"collection":[{"href":"http:\/\/aula21.net\/aulablog21\/wp-json\/wp\/v2\/posts"}],"about":[{"href":"http:\/\/aula21.net\/aulablog21\/wp-json\/wp\/v2\/types\/post"}],"author":[{"embeddable":true,"href":"http:\/\/aula21.net\/aulablog21\/wp-json\/wp\/v2\/users\/1"}],"replies":[{"embeddable":true,"href":"http:\/\/aula21.net\/aulablog21\/wp-json\/wp\/v2\/comments?post=1472"}],"version-history":[{"count":0,"href":"http:\/\/aula21.net\/aulablog21\/wp-json\/wp\/v2\/posts\/1472\/revisions"}],"wp:attachment":[{"href":"http:\/\/aula21.net\/aulablog21\/wp-json\/wp\/v2\/media?parent=1472"}],"wp:term":[{"taxonomy":"category","embeddable":true,"href":"http:\/\/aula21.net\/aulablog21\/wp-json\/wp\/v2\/categories?post=1472"},{"taxonomy":"post_tag","embeddable":true,"href":"http:\/\/aula21.net\/aulablog21\/wp-json\/wp\/v2\/tags?post=1472"}],"curies":[{"name":"wp","href":"https:\/\/api.w.org\/{rel}","templated":true}]}}