{"id":1496,"date":"2007-11-01T11:51:40","date_gmt":"2007-11-01T10:51:40","guid":{"rendered":"http:\/\/www.aula21.net\/aulablog21\/archives\/2007\/11\/01\/visitando-edublogs-noviembre-2007\/"},"modified":"2007-11-03T00:13:08","modified_gmt":"2007-11-02T23:13:08","slug":"visitando-edublogs-noviembre-2007","status":"publish","type":"post","link":"http:\/\/aula21.net\/aulablog21\/archives\/2007\/11\/01\/visitando-edublogs-noviembre-2007\/","title":{"rendered":"Visitando Edublogs ( Noviembre 2007)"},"content":{"rendered":"<ul>\n<li>El blog <a href=\"http:\/\/querido-planeta.blogspot.com\/\">Querido Planeta Tierra<\/a> se enmarca en un proyecto interescolar hispano-argentino sobre ecolog\u00eda, medio ambiente y desarrollo sostenible. Es una propuesta educativa para cuidar y proteger nuestro querido planeta Tierra, surge como una continuidad del proyecto del curso pasado, a raiz de la recuperaci\u00f3n de la maleta viajera, que vivi\u00f3 muchas aventuras y uni\u00f3 a muchos amigos del mundo, f\u00edsica y virtualmente a trav\u00e9s del correo electr\u00f3nico. A trav\u00e9s del blog&nbsp; se intercambian opiniones, informaci\u00f3n, consejos, cuentos, canciones, adivinanzas,\u2026 con centros del pa\u00eds y de Argentina.\n<li>Tecnoni\u00f1os al d\u00eda &nbsp;<a title=\"http:\/\/integraciontecnologica.blogspot.com\/\" href=\"http:\/\/integraciontecnologica.blogspot.com\/\">http:\/\/integraciontecnologica.blogspot.com\/<\/a>\n<li><a title=\"http:\/\/blogbiologia.blogspot.com\" href=\"http:\/\/blogbiologia.blogspot.com\">http:\/\/blogbiologia.blogspot.com<\/a>&nbsp;Blog para los alumnos del 4to \u00abB\u00bb <em>Bachilleres Valle de Orizaba<\/em>, de Orizaba, Veracruz, M\u00e9xico, realizado por el Ing. Ram\u00f3n Antonio Arag\u00f3n Mladosich, tiene <a href=\"http:\/\/www.botanicaunivo.blogspot.com\/\">otro blog de Bot\u00e1nica<\/a>&nbsp;en el que propone a sus alumnos actividades que han de llevar a cabo con distintas herramientas en sus respectivos blogs.\n<li><a href=\"http:\/\/sacalengua.wordpress.com\/\">Sacalengua<\/a> . Blog de Mirem Linaza para las alumnos de 2\u00ba ciclo de ESO del colegio Ayalde de Bilbao.\n<li><a href=\"http:\/\/bartolome.wordpress.com\/\">Blog del colegio Bartolom\u00e9 Cossio de Madrid<\/a>.\n<li><a href=\"http:\/\/www.clavedetic.es\/blog\">En Clave de TIC<\/a>&nbsp;Este Blog se configura como el espacio central de expresi\u00f3n de los alumnos de la asignatura de Nuevas Tecnolog\u00edas aplicadas a Educaci\u00f3n de la Escuela Universitraria de Magisterio de Ciudad Real. En concreto, ser\u00e1n los alumnos de las especialidades de Educaci\u00f3n Infantil, Educaci\u00f3n Primaria, Educaci\u00f3n F\u00edsica y Lenguas Extranjeras los que utilizar\u00e1n este espacio para publicar los trabajos que se encargar\u00e1n en la asignatura.\n<li><a href=\"http:\/\/lacomunidad.elpais.com\/canfora1111\">Blog de Alfredo Rivero Rodr\u00edguez<\/a>&nbsp;profesor de CCSS e Historia del Aete en el&nbsp;IES Sierra la Calera de Santa Marta de los Barros (Badajoz).\n<li>Rebeca es una barcelonesa que lleva cuatro a\u00f1os viviendo en Edimburgo. Actualmente est\u00e1 haciendo un curso de postgrado de formaci\u00f3n de profesorado de secundaria en la especializaci\u00f3n de lenguas extranjeras (castellano y franc\u00e9s) y nos cuenta sus vivencias en su blog&nbsp;<a href=\"http:\/\/profemadeinuk.blogspot.com\/\">Profe made in UK<\/a>\n<li><a href=\"http:\/\/repasodelengua.blogspot.com\/\">Re(paso) de lengua<\/a> es el blog de Antonio Solano profesor de lengua y literatura de Castell\u00f3n.&nbsp;El presente curso sus alumnos han abierto el&nbsp; blog de aula colectivo&nbsp; <a href=\"http:\/\/lospitufitos.blogspot.com\">Pitufos en tercero &#8211; Blog de aula 3\u00ba ESO (Curso 07-08)<\/a>&nbsp; y&nbsp; Antonio ha abierto otro blog de ampliaci\u00f3n para los alumnos de Bachillerato titulado&nbsp;<a href=\"http:\/\/seresdelengua.wordpress.com\">Seres de lengua (Blog 2\u00ba BACHILLER Curso 07-08)<\/a>.\n<li>Los alumnos de infrom\u00e1tica de 4\u00ba de ESO de &nbsp;<a href=\"http:\/\/jjdeharo.blogspot.com\">Juan Jos\u00e9 de Haro<\/a> han creado un mont\u00f3n de blogs&nbsp;<a href=\"http:\/\/adedicursos.wikispaces.com\/blogs+de+alumnos\">cuyo listado<\/a> podemos ver en el wiki creado al efecto. Juan Jos\u00e9 es un experto en el uso de las TIC en el aula y os recomiendo adem\u00e1s visitar su <a href=\"http:\/\/informateclases.googlepages.com\/\">Centro global de recursos docentes<\/a>&nbsp;espacio web en el que encontrar\u00e1s recursos de inter\u00e9s y enlaces a los wikis y blogs&nbsp;en los que trabaja con sus alumnos.\n<li><a href=\"http:\/\/nuestrasclases.blogspot.com\/\">Blog de aula coordinado<\/a> por Isabel Ruiz, profesora de Matem\u00e1ticas e Inform\u00e1tica del colegio \u00abAmor de Dios\u00bb de Barcelona. Los alumnos de 3\u00ba de ESO han llevado a cabo la webquest sobre \u00ab<a href=\"http:\/\/public.bscw.de\/pub\/bscw.cgi\/d63608555-3\/*\/*\/*\/Historia%20de%20mates.htm\">Historia de las matem\u00e1ticas<\/a>\u00ab. A medida que acaban, las publican en <a href=\"http:\/\/www.scribd.com\/\">Scribd<\/a> y las&nbsp;incrustan en&nbsp;el blog para que todos tengamos acceso a los trabajos. Este es el rumbo que han de tomar las WebQuest, si tuviera tiempo har\u00eda una tesis sobre WebQuest en la web 2.0 un campo en el hay mucho por investigar.\n<li><a href=\"http:\/\/garachicoenclave.blogspot.com\/\">http:\/\/garachicoenclave.blogspot.com\/<\/a>&nbsp;Blog de las Aulas Enclave del IES Garachico.\n<li><a href=\"http:\/\/laclasedeluna.blogspot.com\/\">La clase de Luna .<\/a> Los ni\u00f1os y ni\u00f1as de 5 a\u00f1os del CEIP. JOS\u00c9 ANTONIO de LAREDO , junto a su tutora Raquel Vadillo y su mascota , la rana Luna.\n<li><a href=\"http:\/\/mac4rteso2.wordpress.com\/\">Lengua en movimiento <\/a>es un blog que propondr\u00e1 actividades a los alumnos de 4\u00ba de ESO del IES Maria Aur\u00e8lia Capmany&nbsp;de Cornell\u00e0 del Llobregat&nbsp;que habr\u00e1n de resolver mediante sus comentarios.\n<li><a href=\"http:\/\/poster.4teachers.org\/worksheet\/view.php?id=107503&amp;page=1\">Blogs de los alumnos<\/a> de Bachillerato de ingl\u00e9s del IES Mariana Pineda\n<li>La Bit\u00e1cora de la bailarina<strong>.<\/strong> <a href=\"http:\/\/beatrizwo.wordpress.com\/\">Blog especialmente dedicado a alumnos de danza<\/a>.\n<li><a href=\"http:\/\/4b0708.blogspot.com\/\">Diario de aula de los alumnos\/as de 9 y 10 a\u00f1os.<\/a><br \/>La idea de proponerles retos y actividades desde el blog . EL centro al que pertenece es&nbsp;<a href=\"http:\/\/www.jccm.es\/edu\/cp\/hernancortes\/index.htm\">Hernan Cortes de Talavera de la Reina.<\/a><\/li>\n<\/ul>\n<p>La fiebre por los <a href=\"http:\/\/es.wikipedia.org\/wiki\/Edublog\">edublogs<\/a> se extiende por todo el planeta, no se trata de una moda pasajera es un fen\u00f3meno que poco a poco contagia a todos los docentes y alg\u00fan d\u00eda ser\u00e1 tan habitual como la pizarra.<\/p>\n","protected":false},"excerpt":{"rendered":"<p>El blog Querido Planeta Tierra se enmarca en un proyecto interescolar hispano-argentino sobre ecolog\u00eda, medio ambiente y desarrollo sostenible. Es una propuesta educativa para cuidar y proteger nuestro querido planeta Tierra, surge como una continuidad del proyecto del curso pasado, a raiz de la recuperaci\u00f3n de la maleta viajera, que vivi\u00f3 muchas aventuras y uni\u00f3 [&hellip;]<\/p>\n","protected":false},"author":1,"featured_media":0,"comment_status":"open","ping_status":"open","sticky":false,"template":"","format":"standard","meta":{"footnotes":""},"categories":[1],"tags":[],"class_list":["post-1496","post","type-post","status-publish","format-standard","hentry","category-miscelanea"],"_links":{"self":[{"href":"http:\/\/aula21.net\/aulablog21\/wp-json\/wp\/v2\/posts\/1496","targetHints":{"allow":["GET"]}}],"collection":[{"href":"http:\/\/aula21.net\/aulablog21\/wp-json\/wp\/v2\/posts"}],"about":[{"href":"http:\/\/aula21.net\/aulablog21\/wp-json\/wp\/v2\/types\/post"}],"author":[{"embeddable":true,"href":"http:\/\/aula21.net\/aulablog21\/wp-json\/wp\/v2\/users\/1"}],"replies":[{"embeddable":true,"href":"http:\/\/aula21.net\/aulablog21\/wp-json\/wp\/v2\/comments?post=1496"}],"version-history":[{"count":0,"href":"http:\/\/aula21.net\/aulablog21\/wp-json\/wp\/v2\/posts\/1496\/revisions"}],"wp:attachment":[{"href":"http:\/\/aula21.net\/aulablog21\/wp-json\/wp\/v2\/media?parent=1496"}],"wp:term":[{"taxonomy":"category","embeddable":true,"href":"http:\/\/aula21.net\/aulablog21\/wp-json\/wp\/v2\/categories?post=1496"},{"taxonomy":"post_tag","embeddable":true,"href":"http:\/\/aula21.net\/aulablog21\/wp-json\/wp\/v2\/tags?post=1496"}],"curies":[{"name":"wp","href":"https:\/\/api.w.org\/{rel}","templated":true}]}}