{"id":1506,"date":"2007-11-13T15:54:09","date_gmt":"2007-11-13T14:54:09","guid":{"rendered":"http:\/\/aula21.net.mialias.net\/aulablog21\/archives\/2007\/11\/13\/el-blogfesor-paco-destaca-xx\/"},"modified":"2007-11-13T15:54:09","modified_gmt":"2007-11-13T14:54:09","slug":"el-blogfesor-paco-destaca-xx","status":"publish","type":"post","link":"http:\/\/aula21.net\/aulablog21\/archives\/2007\/11\/13\/el-blogfesor-paco-destaca-xx\/","title":{"rendered":"El blogfesor Paco destaca (XX)"},"content":{"rendered":"<ul>\n<li>Alberto Noguera escritor y profesor de instituto escribe acertadamente sobre <a href=\"http:\/\/www.albertonoguera.com\/2007\/10\/los-nuevos-libros-de-la-eso.html\">los nuevos libros de la ESO<\/a>.\n<li>Isidro Vidal imparte un nuevo curso de blogs en Getxo&nbsp;y nos deleita <a href=\"http:\/\/ividal.com\/joomla\/cursos-y-comunicaciones\/los-blogs-en-educacion-3.html\">con una nueva y magn\u00edfica presentaci\u00f3n.<\/a>\n<li>La \u00faltima publicaci\u00f3n del grupo <a href=\"http:\/\/www.tecnoneet.org\/\">Tecnoneet<\/a>, editado por la <a href=\"http:\/\/www.carm.es\/educacion\/\">Consejer\u00eda de Educaci\u00f3n, Ciencia e Investigaci\u00f3n<\/a> de la <a href=\"http:\/\/www.carm.es\/\">Comunidad Aut\u00f3noma de la Regi\u00f3n de Murcia<\/a> (Espa\u00f1a) y que lleva por t\u00edtulo: \u00bb Tecnolog\u00edas de ayuda en contextos escolares. Domingo M\u00e9ndez hace una rese\u00f1a del mismo en su blog <a href=\"http:\/\/domingomendez.blogspot.com\/2007\/10\/tecnologas-de-ayuda-en-contextos.html\">desde el que te podr\u00e1s descargar el libro en pdf.<\/a>\n<li>Curso muy completo de <strong>Introduccion a Linux <\/strong>empleando Ubuntu como Sistema operativo de ejemplo realizado por el MEC. <a href=\"http:\/\/ubuntulife.net\/wordpress\/?p=3137\">Un PDF de 265 paginas<\/a>\n<li><a href=\"http:\/\/deestranjis.blogspot.com\/2007\/10\/blogs-y-formacin-del-profesorado-el.html\">Blogs y Formaci\u00f3n del Profesorado: el \u00abasesorado\u00bb escribe<\/a>. Esta entrada del blog <a href=\"http:\/\/deestranjis.blogspot.com\">De estranjis<\/a> nos descubre interesantes blogs de asesores\/as.\n<li><a href=\"http:\/\/www.laclaseabierta.net\/2007\/10\/29\/ana-ovando-blogfesora-clasica\/\">Leer la entrevista<\/a> que hacen a la blogfesora <a href=\"http:\/\/voxgraeca.blogspot.com\/\">Ana Ovando<\/a> en&nbsp;<a href=\"http:\/\/www.laclaseabierta.net\/\">La Clase Abierta<\/a>.\n<li><a href=\"http:\/\/aula.elmundo.es\/noticia.cfm?idTipoPortada=&amp;general=&amp;idComunidad=&amp;idPortada=&amp;idNoticia=944&amp;CFID=1901181&amp;CFTOKEN=55205732&amp;jsessionid=b6302a9e0d291460e4b2\">Leer el art\u00edculo publicado<\/a> en Aula de El Mundo acerca de la blogfesora <a href=\"http:\/\/www.lbarroso.com\/index.php?option=com_content&amp;task=view&amp;id=260&amp;Itemid=1\">Lordes Barroso<\/a> , yo hice una rese\u00f1a del mismo&nbsp;en aulablog.com titulada <a href=\"http:\/\/www.aulablog.com\/la-reina-del-podcast-en-el-mundo-2\">La reina del Podcast en El Mundo<\/a>\n<li>Extensa y magn\u00edfica entrevista titulada <a href=\"http:\/\/jarbas.wordpress.com\/7-blogs-e-educacao-uma-entrevista\/\">Os blogs em educa\u00e7\u00e3o n\u00e3o devem ser nem pedag\u00f3gicos, nem did\u00e1ticos<\/a><strong>&nbsp;<\/strong> al profesor Jarbas Novelino Barato.\n<li><a href=\"http:\/\/www.elpais.com\/articulo\/educacion\/ordenador\/puede\/tiza\/elpepusocedu\/20071105elpepiedu_1\/Tes\">El ordenador a\u00fan no puede con la tiza<\/a> &#8211; [<a href=\"http:\/\/www.elpais.com\">El Pais Tecnolog\u00eda<\/a>]\n<li><a href=\"http:\/\/tokland.com\/elearning\/?p=120\">\u00bfQui\u00e9n quiere ser profesor? 2\u00aa Parte<\/a>&nbsp;de Javier Mart\u00ednez Aldanondo\n<li>Art\u00edculo de Escuela Espa\u00f1ola&nbsp;titulado <a href=\"http:\/\/aulablog21.wikispaces.com\/space\/showimage\/escuela.pdf\">Del papel y el boli a las bit\u00e1coras virtuales<\/a>s&nbsp;en el que&nbsp;entrevistan a <a href=\"http:\/\/ividal.com\/joomla\/\">Isidro Vidal<\/a> y aparece nombrado un servidor al igual que <a href=\"http:\/\/www.orientaeduc.com\/\">Luis Barriocanal<\/a>&nbsp; y otros miembros de <a href=\"http:\/\/www.aulablog.com\/\">aulablog<\/a>.&nbsp;&nbsp;<a href=\"http:\/\/aulablog21.wikispaces.com\/space\/showimage\/escuela.pdf\"> Descargar art\u00edculo.pdf<\/a><\/li>\n<\/ul>\n","protected":false},"excerpt":{"rendered":"<p>Alberto Noguera escritor y profesor de instituto escribe acertadamente sobre los nuevos libros de la ESO. Isidro Vidal imparte un nuevo curso de blogs en Getxo&nbsp;y nos deleita con una nueva y magn\u00edfica presentaci\u00f3n. La \u00faltima publicaci\u00f3n del grupo Tecnoneet, editado por la Consejer\u00eda de Educaci\u00f3n, Ciencia e Investigaci\u00f3n de la Comunidad Aut\u00f3noma de la [&hellip;]<\/p>\n","protected":false},"author":1,"featured_media":0,"comment_status":"open","ping_status":"open","sticky":false,"template":"","format":"standard","meta":{"footnotes":""},"categories":[1],"tags":[],"class_list":["post-1506","post","type-post","status-publish","format-standard","hentry","category-miscelanea"],"_links":{"self":[{"href":"http:\/\/aula21.net\/aulablog21\/wp-json\/wp\/v2\/posts\/1506","targetHints":{"allow":["GET"]}}],"collection":[{"href":"http:\/\/aula21.net\/aulablog21\/wp-json\/wp\/v2\/posts"}],"about":[{"href":"http:\/\/aula21.net\/aulablog21\/wp-json\/wp\/v2\/types\/post"}],"author":[{"embeddable":true,"href":"http:\/\/aula21.net\/aulablog21\/wp-json\/wp\/v2\/users\/1"}],"replies":[{"embeddable":true,"href":"http:\/\/aula21.net\/aulablog21\/wp-json\/wp\/v2\/comments?post=1506"}],"version-history":[{"count":0,"href":"http:\/\/aula21.net\/aulablog21\/wp-json\/wp\/v2\/posts\/1506\/revisions"}],"wp:attachment":[{"href":"http:\/\/aula21.net\/aulablog21\/wp-json\/wp\/v2\/media?parent=1506"}],"wp:term":[{"taxonomy":"category","embeddable":true,"href":"http:\/\/aula21.net\/aulablog21\/wp-json\/wp\/v2\/categories?post=1506"},{"taxonomy":"post_tag","embeddable":true,"href":"http:\/\/aula21.net\/aulablog21\/wp-json\/wp\/v2\/tags?post=1506"}],"curies":[{"name":"wp","href":"https:\/\/api.w.org\/{rel}","templated":true}]}}