{"id":1508,"date":"2007-11-13T15:56:02","date_gmt":"2007-11-13T14:56:02","guid":{"rendered":"http:\/\/aula21.net.mialias.net\/aulablog21\/archives\/2007\/11\/13\/eduwikis-en-linux-magazine\/"},"modified":"2007-11-13T15:56:02","modified_gmt":"2007-11-13T14:56:02","slug":"eduwikis-en-linux-magazine","status":"publish","type":"post","link":"http:\/\/aula21.net\/aulablog21\/archives\/2007\/11\/13\/eduwikis-en-linux-magazine\/","title":{"rendered":"Eduwikis en Linux Magazine"},"content":{"rendered":"<p>&nbsp;  <\/p>\n<p><a href=\"http:\/\/www.aula21.net\/aulablog21\/subidas\/EduwikisenLinuxMagazine_14A9B\/LinuxMagazineCover_XXL3.jpg\"><img decoding=\"async\" style=\"margin: 0px 10px 0px 5px\" src=\"http:\/\/www.aula21.net\/aulablog21\/subidas\/EduwikisenLinuxMagazine_14A9B\/LinuxMagazineCover_XXL_thumb1.jpg\" align=\"left\" border=\"0\"><\/a><\/p>\n<p>He estado tan atareado con el tema del alojamiento que he olvidado rese\u00f1ar que <a href=\"http:\/\/www.adelat.org\/index.php?title=edu_wikis_en_la_revista_linux_magazine&amp;more=1&amp;c=1&amp;tb=1&amp;pb=1\">ese peazo de Edublogger de Palma del Rio<\/a> y yo hemos escrito un art\u00edculo que ha sido publicado en el n\u00famero de Noviembre de la prestigiosa revista <a href=\"http:\/\/www.linux-magazine.es\/issue\/32\">Linux Magazine<\/a>.<\/p>\n<p>Su t\u00edtulo es Edu-Wikis: Un nuevo medio para el aprendizaje colaborativo.<\/p>\n<p>&nbsp;<\/p>\n<p>&nbsp;<\/p>\n<blockquote>\n<p>Edu-Wikis: Apl\u00edca el modelo de la wikipedia en clase con tus alumnos. Disfrutar\u00e1s con ellos produciendo contenidos y, sobre todo, construyendo conocimiento.<\/p>\n<\/blockquote>\n<p>Mi pasi\u00f3n por los wikis me la contagi\u00f3 el wiki-evangelista number 1 de la wikisfera hispana tambi\u00e9n <a href=\"http:\/\/e-profes.net\/blog\/bloguero\/\">conocido&nbsp;como D.&nbsp;Jos\u00e9 Cuerva<\/a>.<\/p>\n<p>Esta maravillosa revista tiene la sana costumbre de <a href=\"http:\/\/www.linux-magazine.es\/Magazine\/Archive\">poner a disposici\u00f3n de todo el mundo<\/a> sus art\u00edculos una vez que han transcurrido 6 meses desde su publicaci\u00f3n.<\/p>\n<p>Ya sabes que en este mundo de la inform\u00e1tica 6 meses es mucho tiempo, yo ir\u00eda ma\u00f1ana al kiosko a comprarla que adem\u00e1s trae&nbsp;un DVD a tope.<\/p>\n<p>Ha sido un verdadero placer trabajar colaborativamente en la distancia con el <a href=\"http:\/\/www.adelat.org\">Sr. An\u00edbal de la Torre.<\/a><\/p>\n","protected":false},"excerpt":{"rendered":"<p>&nbsp; He estado tan atareado con el tema del alojamiento que he olvidado rese\u00f1ar que ese peazo de Edublogger de Palma del Rio y yo hemos escrito un art\u00edculo que ha sido publicado en el n\u00famero de Noviembre de la prestigiosa revista Linux Magazine. Su t\u00edtulo es Edu-Wikis: Un nuevo medio para el aprendizaje colaborativo. [&hellip;]<\/p>\n","protected":false},"author":1,"featured_media":0,"comment_status":"open","ping_status":"open","sticky":false,"template":"","format":"standard","meta":{"footnotes":""},"categories":[1],"tags":[],"class_list":["post-1508","post","type-post","status-publish","format-standard","hentry","category-miscelanea"],"_links":{"self":[{"href":"http:\/\/aula21.net\/aulablog21\/wp-json\/wp\/v2\/posts\/1508","targetHints":{"allow":["GET"]}}],"collection":[{"href":"http:\/\/aula21.net\/aulablog21\/wp-json\/wp\/v2\/posts"}],"about":[{"href":"http:\/\/aula21.net\/aulablog21\/wp-json\/wp\/v2\/types\/post"}],"author":[{"embeddable":true,"href":"http:\/\/aula21.net\/aulablog21\/wp-json\/wp\/v2\/users\/1"}],"replies":[{"embeddable":true,"href":"http:\/\/aula21.net\/aulablog21\/wp-json\/wp\/v2\/comments?post=1508"}],"version-history":[{"count":0,"href":"http:\/\/aula21.net\/aulablog21\/wp-json\/wp\/v2\/posts\/1508\/revisions"}],"wp:attachment":[{"href":"http:\/\/aula21.net\/aulablog21\/wp-json\/wp\/v2\/media?parent=1508"}],"wp:term":[{"taxonomy":"category","embeddable":true,"href":"http:\/\/aula21.net\/aulablog21\/wp-json\/wp\/v2\/categories?post=1508"},{"taxonomy":"post_tag","embeddable":true,"href":"http:\/\/aula21.net\/aulablog21\/wp-json\/wp\/v2\/tags?post=1508"}],"curies":[{"name":"wp","href":"https:\/\/api.w.org\/{rel}","templated":true}]}}