{"id":1510,"date":"2007-11-13T21:19:05","date_gmt":"2007-11-13T20:19:05","guid":{"rendered":"http:\/\/aula21.net\/aulablog21\/archives\/2007\/11\/13\/el-profesor-cantinflas\/"},"modified":"2007-11-13T21:20:49","modified_gmt":"2007-11-13T20:20:49","slug":"el-profesor-cantinflas","status":"publish","type":"post","link":"http:\/\/aula21.net\/aulablog21\/archives\/2007\/11\/13\/el-profesor-cantinflas\/","title":{"rendered":"El profesor Cantinflas"},"content":{"rendered":"<p>Siempre he tenido predilecci\u00f3n por este personaje. \u00bfQu\u00e9 tal una introducci\u00f3n a la electricidad con el profesor Cantinflas en&nbsp;dibujos animados&nbsp;?<\/p>\n<p><embed src=\"http:\/\/www.youtube.com\/v\/ArDXpvXf5h0&amp;rel=1&amp;border=0\" width=\"425\" height=\"355\" type=\"application\/x-shockwave-flash\" wmode=\"transparent\"><\/embed><\/p>\n<p>Parece ser que en los a\u00f1os 80 se emiti\u00f3 <a href=\"http:\/\/www.fandecomix.com\/index.php?option=com_content&amp;task=view&amp;id=1052&amp;Itemid=40\">esta serie de dibujos animados<\/a> elaborados por Hanna Barbera&nbsp;en la cadena Televisa entre otras. Fue conocida como &nbsp;\u00abCantinflas Show\u00bb.<\/p>\n<p>La&nbsp;caricatura fue dise\u00f1ada por el animador espa\u00f1ol Jos\u00e9 Luis&nbsp; Moro, quien tambi\u00e9n se encarg\u00f3 del episodio piloto, mientras que&nbsp; gran parte de la serie se realiz\u00f3 en la d\u00e9cada de 1980, en los&nbsp; legendarios estudios de Hanna-Barbera, creadores de \u00abLos&nbsp; Picapiedra\u00bb.<\/p>\n<p>En You Tube hay <a href=\"http:\/\/www.youtube.com\/user\/davomarch\">m\u00e1s v\u00eddeos del profesor Cantinflas<\/a>.<\/p>\n<p>Pero ning\u00fan dibujo supera al&nbsp;aut\u00e9ntico&nbsp;Cantinflas de carne y hueso, ma\u00f1ana he de hablar en clase acerca del \u00e1tomo, si la Junta no impidiera ver los v\u00eddeos de You Tube nos&nbsp;podr\u00edamos reir un rato con&nbsp;esta genial explicaci\u00f3n de Cantinflas acerca de la naturaleza del \u00e1tomo.<\/p>\n<p><embed src=\"http:\/\/www.youtube.com\/v\/eFjV7sTH0lc&amp;rel=1&amp;border=0\" width=\"425\" height=\"355\" type=\"application\/x-shockwave-flash\" wmode=\"transparent\"><\/embed>  <\/p>\n<p>Insuperable explicaci\u00f3n<\/p>\n","protected":false},"excerpt":{"rendered":"<p>Siempre he tenido predilecci\u00f3n por este personaje. \u00bfQu\u00e9 tal una introducci\u00f3n a la electricidad con el profesor Cantinflas en&nbsp;dibujos animados&nbsp;? Parece ser que en los a\u00f1os 80 se emiti\u00f3 esta serie de dibujos animados elaborados por Hanna Barbera&nbsp;en la cadena Televisa entre otras. Fue conocida como &nbsp;\u00abCantinflas Show\u00bb. La&nbsp;caricatura fue dise\u00f1ada por el animador espa\u00f1ol [&hellip;]<\/p>\n","protected":false},"author":1,"featured_media":0,"comment_status":"open","ping_status":"open","sticky":false,"template":"","format":"standard","meta":{"footnotes":""},"categories":[8,20,2],"tags":[],"class_list":["post-1510","post","type-post","status-publish","format-standard","hentry","category-educacion_e_internet","category-video","category-weblogs_en_el_aula"],"_links":{"self":[{"href":"http:\/\/aula21.net\/aulablog21\/wp-json\/wp\/v2\/posts\/1510","targetHints":{"allow":["GET"]}}],"collection":[{"href":"http:\/\/aula21.net\/aulablog21\/wp-json\/wp\/v2\/posts"}],"about":[{"href":"http:\/\/aula21.net\/aulablog21\/wp-json\/wp\/v2\/types\/post"}],"author":[{"embeddable":true,"href":"http:\/\/aula21.net\/aulablog21\/wp-json\/wp\/v2\/users\/1"}],"replies":[{"embeddable":true,"href":"http:\/\/aula21.net\/aulablog21\/wp-json\/wp\/v2\/comments?post=1510"}],"version-history":[{"count":0,"href":"http:\/\/aula21.net\/aulablog21\/wp-json\/wp\/v2\/posts\/1510\/revisions"}],"wp:attachment":[{"href":"http:\/\/aula21.net\/aulablog21\/wp-json\/wp\/v2\/media?parent=1510"}],"wp:term":[{"taxonomy":"category","embeddable":true,"href":"http:\/\/aula21.net\/aulablog21\/wp-json\/wp\/v2\/categories?post=1510"},{"taxonomy":"post_tag","embeddable":true,"href":"http:\/\/aula21.net\/aulablog21\/wp-json\/wp\/v2\/tags?post=1510"}],"curies":[{"name":"wp","href":"https:\/\/api.w.org\/{rel}","templated":true}]}}