{"id":1513,"date":"2007-11-16T20:22:52","date_gmt":"2007-11-16T19:22:52","guid":{"rendered":"http:\/\/aula21.net\/aulablog21\/archives\/2007\/11\/16\/%c2%bfsera-verdad\/"},"modified":"2007-11-16T20:25:50","modified_gmt":"2007-11-16T19:25:50","slug":"%c2%bfsera-verdad","status":"publish","type":"post","link":"http:\/\/aula21.net\/aulablog21\/archives\/2007\/11\/16\/%c2%bfsera-verdad\/","title":{"rendered":"\u00bfSer\u00e1 verdad?"},"content":{"rendered":"<p>En el art\u00edculo <a href=\"http:\/\/www.elperiodico.com\/default.asp?idpublicacio_PK=46&#038;idioma=CAS&#038;idnoticia_PK=459157&#038;idseccio_PK=1021&#038;h=071116\">Educaci\u00f3n propone que las escuelas sean m\u00e1s aut\u00f3nomas y puedan seleccionar a los profesores<\/a> publicado en El Peri\u00f3dico.com podemos leer entre otras cosas:<\/p>\n<p>-El acceso a la funci\u00f3n p\u00fablica en Catalu\u00f1a requerir\u00e1 el dominio de una lengua extranjera y el uso normal de las tecnolog\u00edas de la informaci\u00f3n.<br \/>\n<strong>Me pregunto. \u00bfBastar\u00e1 para ello saber hablar Espa\u00f1ol y tener un blog?<\/strong><\/p>\n<p>&#8211; Educaci\u00f3n propone establecer las pr\u00e1cticas obligatorias para los docentes que se incorporen de nuevo a los centros de tal manera que se convertir\u00e1n, en realidad, en un sistema de selecci\u00f3n real de estos profesionales, ya que podr\u00e1n ser rechazados del puesto si no cumplen los objetivos.<br \/>\n<strong> Esto da miedo.<\/strong><br \/>\nPoco a poco lograremos ser el \u00fanico pa\u00eds del mundo con 18 sistemas educativos distintos.<br \/>\nAquellos que tengan hijos en edad escolar tendr\u00e1n que pensarse mucho por ejemplo trasladarse a otra comunidad aut\u00f3noma en la que le oferten un trabajo.<br \/>\nV\u00eda: <a href=\"http:\/\/firgoa.usc.es\/drupal\/node\/37831\">Firgoa<\/a><\/p>\n","protected":false},"excerpt":{"rendered":"<p>En el art\u00edculo Educaci\u00f3n propone que las escuelas sean m\u00e1s aut\u00f3nomas y puedan seleccionar a los profesores publicado en El Peri\u00f3dico.com podemos leer entre otras cosas: -El acceso a la funci\u00f3n p\u00fablica en Catalu\u00f1a requerir\u00e1 el dominio de una lengua extranjera y el uso normal de las tecnolog\u00edas de la informaci\u00f3n. Me pregunto. \u00bfBastar\u00e1 para [&hellip;]<\/p>\n","protected":false},"author":1,"featured_media":0,"comment_status":"open","ping_status":"open","sticky":false,"template":"","format":"standard","meta":{"footnotes":""},"categories":[17,19,1],"tags":[],"class_list":["post-1513","post","type-post","status-publish","format-standard","hentry","category-articulos","category-educacion","category-miscelanea"],"_links":{"self":[{"href":"http:\/\/aula21.net\/aulablog21\/wp-json\/wp\/v2\/posts\/1513","targetHints":{"allow":["GET"]}}],"collection":[{"href":"http:\/\/aula21.net\/aulablog21\/wp-json\/wp\/v2\/posts"}],"about":[{"href":"http:\/\/aula21.net\/aulablog21\/wp-json\/wp\/v2\/types\/post"}],"author":[{"embeddable":true,"href":"http:\/\/aula21.net\/aulablog21\/wp-json\/wp\/v2\/users\/1"}],"replies":[{"embeddable":true,"href":"http:\/\/aula21.net\/aulablog21\/wp-json\/wp\/v2\/comments?post=1513"}],"version-history":[{"count":0,"href":"http:\/\/aula21.net\/aulablog21\/wp-json\/wp\/v2\/posts\/1513\/revisions"}],"wp:attachment":[{"href":"http:\/\/aula21.net\/aulablog21\/wp-json\/wp\/v2\/media?parent=1513"}],"wp:term":[{"taxonomy":"category","embeddable":true,"href":"http:\/\/aula21.net\/aulablog21\/wp-json\/wp\/v2\/categories?post=1513"},{"taxonomy":"post_tag","embeddable":true,"href":"http:\/\/aula21.net\/aulablog21\/wp-json\/wp\/v2\/tags?post=1513"}],"curies":[{"name":"wp","href":"https:\/\/api.w.org\/{rel}","templated":true}]}}