{"id":1518,"date":"2007-11-19T17:33:40","date_gmt":"2007-11-19T16:33:40","guid":{"rendered":"http:\/\/aula21.net\/aulablog21\/archives\/2007\/11\/19\/recopilacin-web-20-de-pere-marques-y-visita-a-el-escorial\/"},"modified":"2007-11-19T19:08:05","modified_gmt":"2007-11-19T18:08:05","slug":"recopilacin-web-20-de-pere-marques-y-visita-a-el-escorial","status":"publish","type":"post","link":"http:\/\/aula21.net\/aulablog21\/archives\/2007\/11\/19\/recopilacin-web-20-de-pere-marques-y-visita-a-el-escorial\/","title":{"rendered":"Recopilaci&oacute;n web 2.0 de Pere Marqu&eacute;s y visita a El Escorial"},"content":{"rendered":"<p>El Dr. Pere Marqu\u00e9s uno de los especialistas en TIC&nbsp;m\u00e1s conocidos en nuestro pa\u00eds ha&nbsp;publicado un art\u00edculo muy completo titulado <a href=\"http:\/\/dewey.uab.es\/pmarques\/web20.htm\">\u00abLa Web 2.0 y sus aplicaciones did\u00e1cticas\u00bb<\/a>.<\/p>\n<p>El pr\u00f3ximo s\u00e1bado tendr\u00e9 el gusto de conocerlo personalmente en las III Jornadas de Formaci\u00f3n e innovaci\u00f3n educativas a las que estoy invitado a participar como ponente en una mesa redonda acerca de la web 2.0.<\/p>\n<p>En el cartel del encuentro est\u00e1 anunciado de este modo:<\/p>\n<p><strong>Panel de expertos sobre web 2.0.<\/strong> <br \/>Ponentes: <a href=\"http:\/\/peremarques.blogspot.com\/\">Pere Marqu\u00e8s<\/a> (moderador), <a href=\"http:\/\/internetrecursoeducativo.blogia.com\/\">Francisco Jos\u00e9 Ruiz<\/a>, Francisco Mu\u00f1oz de la Pe\u00f1a&nbsp;y <a href=\"http:\/\/www.dulac.es\/\">Jos\u00e9 Dulac<\/a>.<br \/>12:000h Coffee break.<\/p>\n<p>El s\u00e1bado por la tarde impartir\u00e9 un Taller de EduWikis, las jornadas empiezan el viernes por la tarde&nbsp;(20 h)&nbsp;y finalizar\u00e1n el domingo a las 14,25 h&nbsp;en San Lorenzo de El escorial (Madrid)<\/p>\n<p>Asimismo el Dr. Pere Marqu\u00e9s&nbsp;ha publicado esta presentaci\u00f3n en SlideShare.<\/p>\n<div style=\"width:425px;text-align:left\" id=\"__ss_171193\"><object style=\"margin:0px\" width=\"425\" height=\"355\"><param name=\"movie\" value=\"http:\/\/static.slideshare.net\/swf\/ssplayer2.swf?doc=la-web-20-y-sus-aplicaciones-didcticas-1195412696732430-3\"\/><param name=\"allowFullScreen\" value=\"true\"\/><param name=\"allowScriptAccess\" value=\"always\"\/><embed src=\"http:\/\/static.slideshare.net\/swf\/ssplayer2.swf?doc=la-web-20-y-sus-aplicaciones-didcticas-1195412696732430-3\" type=\"application\/x-shockwave-flash\" allowscriptaccess=\"always\" allowfullscreen=\"true\" width=\"425\" height=\"355\"><\/embed><\/object><\/p>\n<div style=\"font-size:11px;font-family:tahoma,arial;height:26px;padding-top:2px;\"><a href=\"http:\/\/www.slideshare.net\/?src=embed\"><img decoding=\"async\" src=\"http:\/\/static.slideshare.net\/swf\/logo_embd.png\" style=\"border:0px none;margin-bottom:-5px\" alt=\"SlideShare\"><\/a> | <a href=\"http:\/\/www.slideshare.net\/peremarques\/la-web-20-y-sus-aplicaciones-didcticas\" title=\"View 'La Web 2.0 y sus aplicaciones did\u00e1cticas' on SlideShare\">View<\/a> | <a href=\"http:\/\/www.slideshare.net\/upload\">Upload your own<\/a><\/div>\n<\/div>\n<p><!--adsense--><\/p>\n","protected":false},"excerpt":{"rendered":"<p>El Dr. Pere Marqu\u00e9s uno de los especialistas en TIC&nbsp;m\u00e1s conocidos en nuestro pa\u00eds ha&nbsp;publicado un art\u00edculo muy completo titulado \u00abLa Web 2.0 y sus aplicaciones did\u00e1cticas\u00bb. El pr\u00f3ximo s\u00e1bado tendr\u00e9 el gusto de conocerlo personalmente en las III Jornadas de Formaci\u00f3n e innovaci\u00f3n educativas a las que estoy invitado a participar como ponente en [&hellip;]<\/p>\n","protected":false},"author":1,"featured_media":0,"comment_status":"open","ping_status":"open","sticky":false,"template":"","format":"standard","meta":{"footnotes":""},"categories":[22,28,16],"tags":[],"class_list":["post-1518","post","type-post","status-publish","format-standard","hentry","category-slideshare","category-web20","category-wikis"],"_links":{"self":[{"href":"http:\/\/aula21.net\/aulablog21\/wp-json\/wp\/v2\/posts\/1518","targetHints":{"allow":["GET"]}}],"collection":[{"href":"http:\/\/aula21.net\/aulablog21\/wp-json\/wp\/v2\/posts"}],"about":[{"href":"http:\/\/aula21.net\/aulablog21\/wp-json\/wp\/v2\/types\/post"}],"author":[{"embeddable":true,"href":"http:\/\/aula21.net\/aulablog21\/wp-json\/wp\/v2\/users\/1"}],"replies":[{"embeddable":true,"href":"http:\/\/aula21.net\/aulablog21\/wp-json\/wp\/v2\/comments?post=1518"}],"version-history":[{"count":0,"href":"http:\/\/aula21.net\/aulablog21\/wp-json\/wp\/v2\/posts\/1518\/revisions"}],"wp:attachment":[{"href":"http:\/\/aula21.net\/aulablog21\/wp-json\/wp\/v2\/media?parent=1518"}],"wp:term":[{"taxonomy":"category","embeddable":true,"href":"http:\/\/aula21.net\/aulablog21\/wp-json\/wp\/v2\/categories?post=1518"},{"taxonomy":"post_tag","embeddable":true,"href":"http:\/\/aula21.net\/aulablog21\/wp-json\/wp\/v2\/tags?post=1518"}],"curies":[{"name":"wp","href":"https:\/\/api.w.org\/{rel}","templated":true}]}}