{"id":1519,"date":"2007-11-19T20:44:32","date_gmt":"2007-11-19T19:44:32","guid":{"rendered":"http:\/\/aula21.net\/aulablog21\/archives\/2007\/11\/19\/reformas-en-la-universidad\/"},"modified":"2007-11-19T20:53:12","modified_gmt":"2007-11-19T19:53:12","slug":"reformas-en-la-universidad","status":"publish","type":"post","link":"http:\/\/aula21.net\/aulablog21\/archives\/2007\/11\/19\/reformas-en-la-universidad\/","title":{"rendered":"Reformas en la Universidad, miedo me dan."},"content":{"rendered":"<p>La Universidad necesita reformas pero la que propone el PSOE empieza a asustar a muchos colectivos:<\/p>\n<p>&#8211;<a href=\"http:\/\/diagonalperiodico.net\/article4846.html\">La Universidad da \u2019gato por liebre\u2019<\/a><\/p>\n<p>En este art\u00edculo podemos leer:<\/p>\n<blockquote><p>La reforma cambia definitivamente la estructura de los estudios universitarios. La Diplomatura y la Licenciatura se unen en el Grado -tres o cuatro a\u00f1os equivalentes a 180 y 240 cr\u00e9ditos ECTS (European Credits Transfer System)-, mientras que el Postgrado se escinde en M\u00e1ster (fueron aprobados antes que los Grados, su precio oscila entre los 1.500 y 66.000 euros y en un a\u00f1o han pasado de 510 a 1.700) y Doctorado. La izquierda estudiantil teme que los nuevos niveles generen nuevas elites.<\/p><\/blockquote>\n<p>La izquierda estudiantil tendr\u00e1 que pensarse su voto en las pr\u00f3ximas elecciones.<br \/>\n\u00bfOcurrir\u00e1 c\u00f3mo en EEUU que hay que pedir un pr\u00e9stamo impresionante para poder estudiar en la universidad?.<br \/>\nCada d\u00eda con mas frecuencia oigo hablar de los Pr\u00e9stamos Renta para cursa un master.<br \/>\n<a href=\"http:\/\/diagonalperiodico.net\/article4847.html\">En esta entrevista a Eduardo Carretero<\/a>, miembro de Estudiantes en Movimiento (EM)podemos leer:<\/p>\n<blockquote><p>Hemos visto que todos los miedos y previsiones negativas quedan plasmados en el texto. Leo del RD: \u201cLas ense\u00f1anzas de Grado tienen como finalidad la obtenci\u00f3n por parte del estudiante de una formaci\u00f3n orientada a la preparaci\u00f3n para el ejercicio de actividades de car\u00e1cter profesional\u201d. El Grado queda definitivamente relegado a la formaci\u00f3n de trabajadores. El primer curso va a ser una especie de tercer Bachillerato, y el cuarto curso podr\u00eda estar formado entero por pr\u00e1cticas en la empresa. Vemos tres a\u00f1os de educaci\u00f3n que nos preparan para el mercado laboral.<\/p><\/blockquote>\n<p>Hace a\u00f1os se empe\u00f1aron en lograr que la ense\u00f1anza de grado medio empeorara en nuestro pa\u00eds, \u00bflograr\u00e1n tambi\u00e9n empeorar a\u00fan m\u00e1s la Universidad?<br \/>\nEn las manos de todos los ciudadanos preocupados por la educaci\u00f3n est\u00e1 impedirlo.<br \/>\n<a href=\"http:\/\/www.elmundo.es\/suplementos\/campus\/2007\/482\/1175032809.html\"> Los decanos de Medicina consideran \u00abuna aberraci\u00f3n\u00bb los planes del Gobierno<\/a><\/p>\n<p>V\u00eda: <a href=\"http:\/\/firgoa.usc.es\/drupal\">F\u00edrgoa<\/a><\/p>\n","protected":false},"excerpt":{"rendered":"<p>La Universidad necesita reformas pero la que propone el PSOE empieza a asustar a muchos colectivos: &#8211;La Universidad da \u2019gato por liebre\u2019 En este art\u00edculo podemos leer: La reforma cambia definitivamente la estructura de los estudios universitarios. La Diplomatura y la Licenciatura se unen en el Grado -tres o cuatro a\u00f1os equivalentes a 180 y [&hellip;]<\/p>\n","protected":false},"author":1,"featured_media":0,"comment_status":"open","ping_status":"open","sticky":false,"template":"","format":"standard","meta":{"footnotes":""},"categories":[17,19],"tags":[],"class_list":["post-1519","post","type-post","status-publish","format-standard","hentry","category-articulos","category-educacion"],"_links":{"self":[{"href":"http:\/\/aula21.net\/aulablog21\/wp-json\/wp\/v2\/posts\/1519","targetHints":{"allow":["GET"]}}],"collection":[{"href":"http:\/\/aula21.net\/aulablog21\/wp-json\/wp\/v2\/posts"}],"about":[{"href":"http:\/\/aula21.net\/aulablog21\/wp-json\/wp\/v2\/types\/post"}],"author":[{"embeddable":true,"href":"http:\/\/aula21.net\/aulablog21\/wp-json\/wp\/v2\/users\/1"}],"replies":[{"embeddable":true,"href":"http:\/\/aula21.net\/aulablog21\/wp-json\/wp\/v2\/comments?post=1519"}],"version-history":[{"count":0,"href":"http:\/\/aula21.net\/aulablog21\/wp-json\/wp\/v2\/posts\/1519\/revisions"}],"wp:attachment":[{"href":"http:\/\/aula21.net\/aulablog21\/wp-json\/wp\/v2\/media?parent=1519"}],"wp:term":[{"taxonomy":"category","embeddable":true,"href":"http:\/\/aula21.net\/aulablog21\/wp-json\/wp\/v2\/categories?post=1519"},{"taxonomy":"post_tag","embeddable":true,"href":"http:\/\/aula21.net\/aulablog21\/wp-json\/wp\/v2\/tags?post=1519"}],"curies":[{"name":"wp","href":"https:\/\/api.w.org\/{rel}","templated":true}]}}