{"id":1522,"date":"2007-11-21T16:32:35","date_gmt":"2007-11-21T15:32:35","guid":{"rendered":"http:\/\/aula21.net\/aulablog21\/archives\/2007\/11\/21\/montilla-predica-con-el-ejemplo\/"},"modified":"2007-11-21T20:51:15","modified_gmt":"2007-11-21T19:51:15","slug":"montilla-predica-con-el-ejemplo","status":"publish","type":"post","link":"http:\/\/aula21.net\/aulablog21\/archives\/2007\/11\/21\/montilla-predica-con-el-ejemplo\/","title":{"rendered":"Montilla predica con el ejemplo"},"content":{"rendered":"<p>El presidente de la Generalitat  estuvo ayer en la versi\u00f3n catalana del popular programa &#8216;Tengo una pregunta para usted&#8217;, de TVE.<br \/>\nJosep Fost un estudiante de 23 a\u00f1os le pregunt\u00f3<br \/>\n\u00bfPor qu\u00e9 defiende la escolarizaci\u00f3n p\u00fablica mientras lleva a sus hijos a escuelas privadas?\u00bb. La cual fue contestada diciendo: \u00abMi obligaci\u00f3n como presidente es trabajar por la ense\u00f1anza p\u00fablica\u00bb, lo otro -llevar los hijos a la privada- es una \u00abopci\u00f3n personal\u00bb.<br \/>\nMe queda una duda \u00bfsus hijos son de los pocos alumnos que en Catalu\u00f1a tienen la posibilidad de estudiar en Espa\u00f1ol?<br \/>\nEstar\u00eda bien que otros padres con menos posibilidades econ\u00f3micas que \u00e9l para llevar a sus hijos a colegios de pago pudieran tambi\u00e9n ejercer \u00abla opci\u00f3n personal\u00bb que desean y no la que les imponen, \u00bfes esto la igualdaZ ?<\/p>\n<p>\u00a1Toma ya! eso es un t\u00edo coherente con sus ideas.<br \/>\nEstamos c\u00f3mo estamos por estar en manos de quienes estamos.<\/p>\n","protected":false},"excerpt":{"rendered":"<p>El presidente de la Generalitat estuvo ayer en la versi\u00f3n catalana del popular programa &#8216;Tengo una pregunta para usted&#8217;, de TVE. Josep Fost un estudiante de 23 a\u00f1os le pregunt\u00f3 \u00bfPor qu\u00e9 defiende la escolarizaci\u00f3n p\u00fablica mientras lleva a sus hijos a escuelas privadas?\u00bb. La cual fue contestada diciendo: \u00abMi obligaci\u00f3n como presidente es trabajar [&hellip;]<\/p>\n","protected":false},"author":1,"featured_media":0,"comment_status":"open","ping_status":"open","sticky":false,"template":"","format":"standard","meta":{"footnotes":""},"categories":[17,19],"tags":[],"class_list":["post-1522","post","type-post","status-publish","format-standard","hentry","category-articulos","category-educacion"],"_links":{"self":[{"href":"http:\/\/aula21.net\/aulablog21\/wp-json\/wp\/v2\/posts\/1522","targetHints":{"allow":["GET"]}}],"collection":[{"href":"http:\/\/aula21.net\/aulablog21\/wp-json\/wp\/v2\/posts"}],"about":[{"href":"http:\/\/aula21.net\/aulablog21\/wp-json\/wp\/v2\/types\/post"}],"author":[{"embeddable":true,"href":"http:\/\/aula21.net\/aulablog21\/wp-json\/wp\/v2\/users\/1"}],"replies":[{"embeddable":true,"href":"http:\/\/aula21.net\/aulablog21\/wp-json\/wp\/v2\/comments?post=1522"}],"version-history":[{"count":0,"href":"http:\/\/aula21.net\/aulablog21\/wp-json\/wp\/v2\/posts\/1522\/revisions"}],"wp:attachment":[{"href":"http:\/\/aula21.net\/aulablog21\/wp-json\/wp\/v2\/media?parent=1522"}],"wp:term":[{"taxonomy":"category","embeddable":true,"href":"http:\/\/aula21.net\/aulablog21\/wp-json\/wp\/v2\/categories?post=1522"},{"taxonomy":"post_tag","embeddable":true,"href":"http:\/\/aula21.net\/aulablog21\/wp-json\/wp\/v2\/tags?post=1522"}],"curies":[{"name":"wp","href":"https:\/\/api.w.org\/{rel}","templated":true}]}}