{"id":1527,"date":"2007-11-22T18:37:16","date_gmt":"2007-11-22T17:37:16","guid":{"rendered":"http:\/\/aula21.net\/aulablog21\/archives\/2007\/11\/22\/informe-de-la-fundacio-jaume-bofil-acerca-de-la-educacion-en-cataluna\/"},"modified":"2007-11-22T18:39:06","modified_gmt":"2007-11-22T17:39:06","slug":"informe-de-la-fundacio-jaume-bofil-acerca-de-la-educacion-en-cataluna","status":"publish","type":"post","link":"http:\/\/aula21.net\/aulablog21\/archives\/2007\/11\/22\/informe-de-la-fundacio-jaume-bofil-acerca-de-la-educacion-en-cataluna\/","title":{"rendered":"Informe de la Fundaci\u00f3 Jaume Bofil acerca de la educaci\u00f3n en Catalu\u00f1a"},"content":{"rendered":"<p><a href=\"http:\/\/www.fbofill.cat\/index.php?codmenu=01&#038;not=222\">El informe de la Fundaci\u00f3 Jaume Bofill <\/a> presentado ayer sugiere que parte del fracaso de la ESO es atribuible a la Primaria, donde parte del alumnado promociona de forma autom\u00e1tica sin disponer del nivel de conocimientos que se tiene por exigible.<br \/>\nLos \u00faltimos datos del Ministerio de Educaci\u00f3n correspondientes al curso 2003-2004 atestiguan que 39 de cada 100 alumnos que ese a\u00f1o cursaron cuarto de ESO en el sistema p\u00fablico catal\u00e1n (en la privada son 19 de cada 100) no lograron obtener el certificado que acredita que se ha superado la escolarizaci\u00f3n obligatoria. La tasa de graduaci\u00f3n (61,1%) se sit\u00faa a la cola de Espa\u00f1a.<br \/>\nOtros datos preocupantes son que baja el porcentaje de j\u00f3venes que completan al menos el bachillerato o la Formaci\u00f3n Profesional y sube la tasa de abandono prematuro, y la tasa de repetidores en cuarto de ESO supera la media espa\u00f1ola. En los tres par\u00e1metros, Catalu\u00f1a queda por debajo del conjunto de Espa\u00f1a, entre las comunidades de cola y entre las peores de Europa.<br \/>\nEl que no se consuela es porque no quiere, el consejero de Educaci\u00f3n <a href=\"http:\/\/www.lavanguardia.es\/lv24h\/20071122\/53413201114.html\">dice que los \u00faltimos datos revelan una mejora en los indicadores de Secundaria<\/a>, claro que al se\u00f1or Maragall le va el sueldo en ello y no puede ser objetivo.<br \/>\nFuentes:<br \/>\n&#8211;<a href=\"Los ni\u00f1os catalanes apenas repiten en primaria pero lo pagan en la ESO\">El Peri\u00f3dico<\/a><br \/>\n&#8211;<a href=\"http:\/\/www.elpais.com\/articulo\/cataluna\/Cataluna\/empeora\/resultados\/educacion\/cola\/Espana\/elpepuespcat\/20071122elpcat_3\/Tes\">Catalu\u00f1a empeora sus resultados en educaci\u00f3n <\/a> en El Pa\u00eds.<\/p>\n","protected":false},"excerpt":{"rendered":"<p>El informe de la Fundaci\u00f3 Jaume Bofill presentado ayer sugiere que parte del fracaso de la ESO es atribuible a la Primaria, donde parte del alumnado promociona de forma autom\u00e1tica sin disponer del nivel de conocimientos que se tiene por exigible. Los \u00faltimos datos del Ministerio de Educaci\u00f3n correspondientes al curso 2003-2004 atestiguan que 39 [&hellip;]<\/p>\n","protected":false},"author":1,"featured_media":0,"comment_status":"open","ping_status":"open","sticky":false,"template":"","format":"standard","meta":{"footnotes":""},"categories":[17,19],"tags":[],"class_list":["post-1527","post","type-post","status-publish","format-standard","hentry","category-articulos","category-educacion"],"_links":{"self":[{"href":"http:\/\/aula21.net\/aulablog21\/wp-json\/wp\/v2\/posts\/1527","targetHints":{"allow":["GET"]}}],"collection":[{"href":"http:\/\/aula21.net\/aulablog21\/wp-json\/wp\/v2\/posts"}],"about":[{"href":"http:\/\/aula21.net\/aulablog21\/wp-json\/wp\/v2\/types\/post"}],"author":[{"embeddable":true,"href":"http:\/\/aula21.net\/aulablog21\/wp-json\/wp\/v2\/users\/1"}],"replies":[{"embeddable":true,"href":"http:\/\/aula21.net\/aulablog21\/wp-json\/wp\/v2\/comments?post=1527"}],"version-history":[{"count":0,"href":"http:\/\/aula21.net\/aulablog21\/wp-json\/wp\/v2\/posts\/1527\/revisions"}],"wp:attachment":[{"href":"http:\/\/aula21.net\/aulablog21\/wp-json\/wp\/v2\/media?parent=1527"}],"wp:term":[{"taxonomy":"category","embeddable":true,"href":"http:\/\/aula21.net\/aulablog21\/wp-json\/wp\/v2\/categories?post=1527"},{"taxonomy":"post_tag","embeddable":true,"href":"http:\/\/aula21.net\/aulablog21\/wp-json\/wp\/v2\/tags?post=1527"}],"curies":[{"name":"wp","href":"https:\/\/api.w.org\/{rel}","templated":true}]}}