{"id":1533,"date":"2007-12-01T17:34:21","date_gmt":"2007-12-01T16:34:21","guid":{"rendered":"http:\/\/aula21.net\/aulablog21\/archives\/2007\/12\/01\/proceso-de-gestacin-de-un-nativo-digital\/"},"modified":"2007-12-09T12:29:31","modified_gmt":"2007-12-09T11:29:31","slug":"proceso-de-gestacin-de-un-nativo-digital","status":"publish","type":"post","link":"http:\/\/aula21.net\/aulablog21\/archives\/2007\/12\/01\/proceso-de-gestacin-de-un-nativo-digital\/","title":{"rendered":"Proceso de gestaci&oacute;n de un nativo digital"},"content":{"rendered":"<div id=\"__ss_46522\" style=\"width: 425px; text-align: left\"><embed src=\"http:\/\/static.slideshare.net\/swf\/ssplayer2.swf?doc=como-nacen-los-nios-5006\" width=\"425\" height=\"355\" type=\"application\/x-shockwave-flash\" allowfullscreen=\"true\" allowscriptaccess=\"always\"><\/embed> <\/p>\n<div style=\"font-size: 11px; padding-top: 2px; font-family: tahoma,arial; height: 26px\"><a href=\"http:\/\/www.slideshare.net\/?src=embed\"><img decoding=\"async\" style=\"border-right: 0px; border-top: 0px; margin-bottom: -5px; border-left: 0px; border-bottom: 0px\" alt=\"SlideShare\" src=\"http:\/\/static.slideshare.net\/swf\/logo_embd.png\"><\/a> | <a title=\"View 'Como nacen los ni&ntilde;os' on SlideShare\" href=\"http:\/\/www.slideshare.net\/hanzcg\/como-nacen-los-nios\">View<\/a> | <a href=\"http:\/\/www.slideshare.net\/upload\">Upload your own<\/a><\/div>\n<\/div>\n<p>&nbsp;<\/p>\n<p>El ni\u00f1o ser\u00e1 nativo por eso de haber nacido entre finales del XX y pirincipios del XXI pero seguir\u00e1 siendo un&nbsp;ignorante funcional&nbsp;si vive en un pa\u00eds en el que&nbsp;los dirigentes responsables del cotarro educativo siguen entendiendo la educaci\u00f3n como un c\u00f3ctel de:<\/p>\n<blockquote>\n<p><strong>Libros de texto+ evaluaci\u00f3n+ promoci\u00f3n+ni\u00f1o esfuerzate+m\u00e1s evaluaci\u00f3n+ ex\u00e1menes memor\u00edsticos+programaciones cerradas+burocracia- innovaci\u00f3n-curriculo abierto-wikis-aprendizaje basado en proyectos-flexibilidad de horarios y espacios&#8230;.<\/strong><\/p>\n<\/blockquote>\n<p>Al padre de la criatura se le ve m\u00e1s puesto que al hijo, desde hoy no consiento que nadie me llame inmigrante digital, me declaro solemnemente&nbsp;con letras may\u00fasculas <strong>COLONO DIGITAL<\/strong>.<\/p>\n<p><!--adsense--><\/p>\n","protected":false},"excerpt":{"rendered":"<p>| View | Upload your own &nbsp; El ni\u00f1o ser\u00e1 nativo por eso de haber nacido entre finales del XX y pirincipios del XXI pero seguir\u00e1 siendo un&nbsp;ignorante funcional&nbsp;si vive en un pa\u00eds en el que&nbsp;los dirigentes responsables del cotarro educativo siguen entendiendo la educaci\u00f3n como un c\u00f3ctel de: Libros de texto+ evaluaci\u00f3n+ promoci\u00f3n+ni\u00f1o esfuerzate+m\u00e1s [&hellip;]<\/p>\n","protected":false},"author":1,"featured_media":0,"comment_status":"open","ping_status":"open","sticky":false,"template":"","format":"standard","meta":{"footnotes":""},"categories":[8,18],"tags":[],"class_list":["post-1533","post","type-post","status-publish","format-standard","hentry","category-educacion_e_internet","category-tic"],"_links":{"self":[{"href":"http:\/\/aula21.net\/aulablog21\/wp-json\/wp\/v2\/posts\/1533","targetHints":{"allow":["GET"]}}],"collection":[{"href":"http:\/\/aula21.net\/aulablog21\/wp-json\/wp\/v2\/posts"}],"about":[{"href":"http:\/\/aula21.net\/aulablog21\/wp-json\/wp\/v2\/types\/post"}],"author":[{"embeddable":true,"href":"http:\/\/aula21.net\/aulablog21\/wp-json\/wp\/v2\/users\/1"}],"replies":[{"embeddable":true,"href":"http:\/\/aula21.net\/aulablog21\/wp-json\/wp\/v2\/comments?post=1533"}],"version-history":[{"count":0,"href":"http:\/\/aula21.net\/aulablog21\/wp-json\/wp\/v2\/posts\/1533\/revisions"}],"wp:attachment":[{"href":"http:\/\/aula21.net\/aulablog21\/wp-json\/wp\/v2\/media?parent=1533"}],"wp:term":[{"taxonomy":"category","embeddable":true,"href":"http:\/\/aula21.net\/aulablog21\/wp-json\/wp\/v2\/categories?post=1533"},{"taxonomy":"post_tag","embeddable":true,"href":"http:\/\/aula21.net\/aulablog21\/wp-json\/wp\/v2\/tags?post=1533"}],"curies":[{"name":"wp","href":"https:\/\/api.w.org\/{rel}","templated":true}]}}