{"id":1539,"date":"2007-12-09T20:05:38","date_gmt":"2007-12-09T19:05:38","guid":{"rendered":"http:\/\/aula21.net\/aulablog21\/archives\/2007\/12\/09\/blog-de-cine\/"},"modified":"2007-12-09T20:48:48","modified_gmt":"2007-12-09T19:48:48","slug":"blog-de-cine","status":"publish","type":"post","link":"http:\/\/aula21.net\/aulablog21\/archives\/2007\/12\/09\/blog-de-cine\/","title":{"rendered":"Blog de cine"},"content":{"rendered":"<p><a href=\"http:\/\/cprbadajoz.juntaextremadura.net\/\">El C.P.R. de Badajoz<\/a> ha organizado el&nbsp;I&nbsp;Ciclo de Cine y Educaci\u00f3n que&nbsp;tiene una doble dimensi\u00f3n. Por un&nbsp; lado visionar\u00e1n&nbsp;siete pel\u00edculas durante el curso, y paralelamente los alumnos&nbsp;participar\u00e1n desde <a href=\"http:\/\/edukacine.blogspot.com\/\">el blog creado al efecto<\/a> en un debate con opiniones, sugerencias, experiencias desde el aula, webs interesantes, aportaciones did\u00e1cticas que aborden el uso del cine en las aulas.<\/p>\n<p>Asimismo <a href=\"http:\/\/87935.forums.motigo.com\/\">dipondr\u00e1n de un foro<\/a>&nbsp; desde el que animaran el debate.  <\/p>\n<p>Me parece una iniciativa magn\u00edfica y <a href=\"http:\/\/edukacine.blogspot.com\/\">el blog que han creado promete<\/a>, muchos recursos perfectamente estructurados y todo muy explicadito.<\/p>\n<p>El cine es un maravilloso recurso did\u00e1ctico tristemente olvidado en los centros educativos, gracias a la proliferaci\u00f3n de v\u00eddeos en la red es un recurso&nbsp;muy asequible del que podemos encontrar numerosas propuestas did\u00e1cticas, por ejemplo las que nos ofrece <a href=\"http:\/\/www.auladecine.com\/propuestas.html\">Aula de Cine<\/a>.<\/p>\n<p>Os recuerdo que el CNICE&nbsp; oferta un curso a distancia titulado <strong><a href=\"http:\/\/www.formacion.cnice.mec.es\/formamos\/c_cine.php\">El cine: un recurso did\u00e1ctico<\/a>.<\/strong><\/p>\n<p>El Cd del curso podemos <a href=\"http:\/\/www.formacion.cnice.mec.es\/ofrecemos\/cine.php\">descargarlo desde esta p\u00e1gina,<\/a> una vez descargado el archivo <a href=\"http:\/\/www.formacion.cnice.mec.es\/ofrecemos\/grabar_iso.php\">para grabarlo en un Cd seguiremos estos pasos.<\/a><\/p>\n","protected":false},"excerpt":{"rendered":"<p>El C.P.R. de Badajoz ha organizado el&nbsp;I&nbsp;Ciclo de Cine y Educaci\u00f3n que&nbsp;tiene una doble dimensi\u00f3n. Por un&nbsp; lado visionar\u00e1n&nbsp;siete pel\u00edculas durante el curso, y paralelamente los alumnos&nbsp;participar\u00e1n desde el blog creado al efecto en un debate con opiniones, sugerencias, experiencias desde el aula, webs interesantes, aportaciones did\u00e1cticas que aborden el uso del cine en las [&hellip;]<\/p>\n","protected":false},"author":1,"featured_media":0,"comment_status":"open","ping_status":"open","sticky":false,"template":"","format":"standard","meta":{"footnotes":""},"categories":[14,2],"tags":[],"class_list":["post-1539","post","type-post","status-publish","format-standard","hentry","category-recursos-variados","category-weblogs_en_el_aula"],"_links":{"self":[{"href":"http:\/\/aula21.net\/aulablog21\/wp-json\/wp\/v2\/posts\/1539","targetHints":{"allow":["GET"]}}],"collection":[{"href":"http:\/\/aula21.net\/aulablog21\/wp-json\/wp\/v2\/posts"}],"about":[{"href":"http:\/\/aula21.net\/aulablog21\/wp-json\/wp\/v2\/types\/post"}],"author":[{"embeddable":true,"href":"http:\/\/aula21.net\/aulablog21\/wp-json\/wp\/v2\/users\/1"}],"replies":[{"embeddable":true,"href":"http:\/\/aula21.net\/aulablog21\/wp-json\/wp\/v2\/comments?post=1539"}],"version-history":[{"count":0,"href":"http:\/\/aula21.net\/aulablog21\/wp-json\/wp\/v2\/posts\/1539\/revisions"}],"wp:attachment":[{"href":"http:\/\/aula21.net\/aulablog21\/wp-json\/wp\/v2\/media?parent=1539"}],"wp:term":[{"taxonomy":"category","embeddable":true,"href":"http:\/\/aula21.net\/aulablog21\/wp-json\/wp\/v2\/categories?post=1539"},{"taxonomy":"post_tag","embeddable":true,"href":"http:\/\/aula21.net\/aulablog21\/wp-json\/wp\/v2\/tags?post=1539"}],"curies":[{"name":"wp","href":"https:\/\/api.w.org\/{rel}","templated":true}]}}