{"id":1547,"date":"2007-12-18T17:13:23","date_gmt":"2007-12-18T16:13:23","guid":{"rendered":"http:\/\/aula21.net\/aulablog21\/archives\/2007\/12\/18\/la-tesis-de-lola\/"},"modified":"2007-12-18T17:13:25","modified_gmt":"2007-12-18T16:13:25","slug":"la-tesis-de-lola","status":"publish","type":"post","link":"http:\/\/aula21.net\/aulablog21\/archives\/2007\/12\/18\/la-tesis-de-lola\/","title":{"rendered":"La Tesis de Lola"},"content":{"rendered":"<p><a href=\"http:\/\/lolaele.blogspot.com\">Lola Torres R\u00edos<\/a>, profesora de ELE ha publicado la memoria del Master en formaci\u00f3n de profesores de ELE que ha realizado en la Universidad de Barcelona la cual trata sobre \u00ablos blogs y ELE\u00bb.<\/p>\n<p>Una descripci\u00f3n de la misma y <a href=\"http:\/\/www.mec.es\/redele\/Biblioteca2007\/LolaTorres\/Memoria.pdf\">el documento en pdf<\/a> listo para ser descargado podemos <a href=\"http:\/\/www.mec.es\/redele\/Biblioteca2007\/LolaTorres.shtml\">encontrar en esta p\u00e1gina.<\/a><\/p>\n<blockquote>\n<p><em>El tema de esta memoria es la utilizaci\u00f3n de los blogs en la ense\u00f1anza-aprendizaje de ELE (Espa\u00f1ol Lengua Extranjera). En las siguientes p\u00e1ginas podemos encontrar, tras una introducci\u00f3n te\u00f3rica sobre la utilizaci\u00f3n de blogs en la ense\u00f1anza de ELE, as\u00ed como en la ense\u00f1anza en general y en la ense\u00f1anza de lenguas, la descripci\u00f3n de una experiencia did\u00e1ctica con blogs y alumnos adultos de ELE, que se llev\u00f3 a cabo en abril de 2006 en una escuela de ELE. El objetivo de esta experiencia fue que los alumnos y la profesora utilizaran los blogs como una herramienta educativa-comunicativa dentro de una clase de ELE, ofreciendo la oportunidad de escribir, leer, contestar preguntas, hacer comentarios, corregir y aprender, es decir, comunicarse en la lengua meta m\u00e1s all\u00e1 de los l\u00edmites espacio-temporales del aula. Este trabajo ofrece el an\u00e1lisis personal de esta pr\u00e1ctica y trata de concluir con una respuesta a la pregunta \u201cqu\u00e9 puede ofrecer la utilizaci\u00f3n de blogs en el aula de ELE\u201d, objetivo de esta memoria.<\/em><\/p>\n<\/blockquote>\n<p>Me parece <a href=\"http:\/\/www.mec.es\/redele\/Biblioteca2007\/LolaTorres\/Memoria.pdf\">un excelente trabajo<\/a> que no debe faltar en la biblioteca digital de todo profesor que est\u00e9 interesado en el uso de los blogs en el aula.<\/p>\n","protected":false},"excerpt":{"rendered":"<p>Lola Torres R\u00edos, profesora de ELE ha publicado la memoria del Master en formaci\u00f3n de profesores de ELE que ha realizado en la Universidad de Barcelona la cual trata sobre \u00ablos blogs y ELE\u00bb. Una descripci\u00f3n de la misma y el documento en pdf listo para ser descargado podemos encontrar en esta p\u00e1gina. El tema [&hellip;]<\/p>\n","protected":false},"author":1,"featured_media":0,"comment_status":"open","ping_status":"open","sticky":false,"template":"","format":"standard","meta":{"footnotes":""},"categories":[28,2],"tags":[],"class_list":["post-1547","post","type-post","status-publish","format-standard","hentry","category-web20","category-weblogs_en_el_aula"],"_links":{"self":[{"href":"http:\/\/aula21.net\/aulablog21\/wp-json\/wp\/v2\/posts\/1547","targetHints":{"allow":["GET"]}}],"collection":[{"href":"http:\/\/aula21.net\/aulablog21\/wp-json\/wp\/v2\/posts"}],"about":[{"href":"http:\/\/aula21.net\/aulablog21\/wp-json\/wp\/v2\/types\/post"}],"author":[{"embeddable":true,"href":"http:\/\/aula21.net\/aulablog21\/wp-json\/wp\/v2\/users\/1"}],"replies":[{"embeddable":true,"href":"http:\/\/aula21.net\/aulablog21\/wp-json\/wp\/v2\/comments?post=1547"}],"version-history":[{"count":0,"href":"http:\/\/aula21.net\/aulablog21\/wp-json\/wp\/v2\/posts\/1547\/revisions"}],"wp:attachment":[{"href":"http:\/\/aula21.net\/aulablog21\/wp-json\/wp\/v2\/media?parent=1547"}],"wp:term":[{"taxonomy":"category","embeddable":true,"href":"http:\/\/aula21.net\/aulablog21\/wp-json\/wp\/v2\/categories?post=1547"},{"taxonomy":"post_tag","embeddable":true,"href":"http:\/\/aula21.net\/aulablog21\/wp-json\/wp\/v2\/tags?post=1547"}],"curies":[{"name":"wp","href":"https:\/\/api.w.org\/{rel}","templated":true}]}}