{"id":1555,"date":"2008-01-01T21:01:12","date_gmt":"2008-01-01T20:01:12","guid":{"rendered":"http:\/\/aula21.net\/aulablog21\/archives\/2008\/01\/01\/permitidme-tutearos-imbciles-demoledor-artculo-de-reverte\/"},"modified":"2008-01-01T21:09:01","modified_gmt":"2008-01-01T20:09:01","slug":"permitidme-tutearos-imbciles-demoledor-artculo-de-reverte","status":"publish","type":"post","link":"http:\/\/aula21.net\/aulablog21\/archives\/2008\/01\/01\/permitidme-tutearos-imbciles-demoledor-artculo-de-reverte\/","title":{"rendered":"Permitidme tutearos, imb&eacute;ciles. Demoledor art&iacute;culo de P&eacute;rez-Reverte."},"content":{"rendered":"<p>Art\u00edculo de <strong>Arturo P\u00e9rez-Reverte<\/strong> <a href=\"http:\/\/www.xlsemanal.com\/web\/firma.php?id_edicion=2687&amp;id_firma=5150\">publicado en XL-Semanal.<\/a><\/p>\n<p>Gane quien gane las pr\u00f3ximas elecciones generales deber\u00eda tenerlo en cuenta.<\/p>\n<blockquote>\n<p>&nbsp;<\/p>\n<p><b>Cuadrilla de golfos apandadores, unos y otros.<\/b> Refraneros casticistas analfabetos de la derecha. Demagogos iletrados de la izquierda. Presidente de este Gobierno. Ex presidente del otro. Jefe de la pat\u00e9tica oposici\u00f3n. Secretarios generales de partidos nacionales o de partidos auton\u00f3micos. Ministros y ex ministros \u2013aqu\u00ed matizar\u00e9 ministros y ministras\u2013 de Educaci\u00f3n y Cultura. Consejeros varios. Etc\u00e9tera. No quiero que acabe el mes sin mentaros \u2013el tuteo es deliberado\u2013 a la madre. Y me refiero a la madre de todos cuantos hab\u00e9is tenido en vuestras manos infames la ense\u00f1anza p\u00fablica en los \u00faltimos veinte o treinta a\u00f1os. De cuantos hac\u00e9is posible que este autocomplaciente pa\u00eds de mierda sea un pa\u00eds de m\u00e1s mierda todav\u00eda. De vosotros, torpes irresponsables, que extirpasteis de las aulas el lat\u00edn, el griego, la Historia, la Literatura, la Geograf\u00eda, el an\u00e1lisis inteligente, la capacidad de leer y por tanto de comprender el mundo, ciencias incluidas. De quienes, por incompetencia y desverg\u00fcenza, sois culpables de que Espa\u00f1a figure entre los pa\u00edses m\u00e1s incultos de Europa, nuestros j\u00f3venes carezcan de comprensi\u00f3n lectora, los colegios privados se distancien cada vez m\u00e1s de los p\u00fablicos en calidad de ense\u00f1anza, y los alumnos est\u00e9n por debajo de la media en todas las materias evaluadas.  <\/p>\n<p><b>Pero lo peor no es eso. Lo que me hace hervir la sangre<\/b> es vuestra arrogante impunidad, vuestra ausencia de autocr\u00edtica y vuestra cateta contumacia. Aqu\u00ed, como de costumbre, nadie asume la culpa de nada. Hace menos de un mes, al publicarse los desoladores datos del informe Pisa 2006, a los meapilas del Pep\u00e9 les falt\u00f3 tiempo para echar la culpa de todo a la Logse de Maravall y Solana \u2013que, es cierto, deber\u00edan ser ahorcados tras un juicio de Nuremberg cultural\u2013, pasando por alto que durante dos legislaturas, o sea, ocho a\u00f1os de posterior gobierno, el amigo Ansar y sus secuaces se estuvieron tocando literalmente la flor en materia de Educaci\u00f3n, destrozando la ense\u00f1anza p\u00fablica en beneficio de la privada y permitiendo, a cambio de pasteleo electoral, que cada cacique de pueblo hiciera su negocio en diecisiete sistemas educativos distintos, ajenos unos a otros, con efectos devastadores en el Pa\u00eds Vasco y Catalu\u00f1a. Y en cuanto al Pesoe que ahora nos conduce a la Arcadia feliz, ah\u00ed est\u00e1n las reacciones oficiales, con una consejera de Educaci\u00f3n de la Junta de Andaluc\u00eda, por ejemplo, que tras veinte a\u00f1os de gobierno ininterrumpido en su feudo, donde la cultura roza el subdesarrollo, tiene la desfachatez de cargarle el muerto al <i>\u00abretraso hist\u00f3rico\u00bb<\/i>. O una ministra de Educaci\u00f3n, la se\u00f1ora Cabrera, capaz de afirmar imp\u00e1vida que los datos est\u00e1n fuera de contexto, que los alumnos espa\u00f1oles funcionan de maravilla, que <i>\u00abel sistema educativo espa\u00f1ol no s\u00f3lo lo hace bien, sino que lo hace muy bien\u00bb<\/i> y que \u00e9ste no ha fracasado porque <i>\u00abes capaz de responder a los retos que tiene la sociedad\u00bb<\/i>, entre ellos el de que <i>\u00ablos j\u00f3venes tienen su propio lenguaje: el chat y el sms\u00bb<\/i>. Con dos cojones. <\/p>\n<p>&nbsp; <\/p>\n<p><b>Pero lo mejor ha sido lo tuyo, presidente \u2013recu\u00e9rdame<\/b> que te lo comente la pr\u00f3xima vez que vayas a hacerte una foto a la Real Academia Espa\u00f1ola\u2013. Deslumbrante, lo juro, eso de que <i>\u00ablo que m\u00e1s determina la educaci\u00f3n de cada generaci\u00f3n es la educaci\u00f3n de sus padres\u00bb<\/i>, aunque tampoco estuvo mal lo de <i>\u00abhemos tenido muchas generaciones en Espa\u00f1a con un bajo rendimiento educativo, fruto del pa\u00eds que tenemos\u00bb<\/i>. Dicho de otro modo, lumbrera: que despu\u00e9s de dos mil a\u00f1os de Hispania grecorromana, de Quintiliano a Miguel Delibes pasando por Cervantes, Quevedo, Gald\u00f3s, Clar\u00edn o Machado, la gente buena, la culta, la preparada, la que por fin va a sacar a Espa\u00f1a del hoyo, vendr\u00e1 en los pr\u00f3ximos a\u00f1os, al fin, gracias a futuros padres felizmente formados por tus ministros y ministras, tus Loes, tus educaciones para la ciudadan\u00eda, tu g\u00e9nero y g\u00e9nera, tus pedagogos cantama\u00f1anas, tu falta de autoridad en las aulas, tu igualitarismo escolar en la mediocridad y falta de incentivo al esfuerzo, tus universitarios ap\u00e1ticos y tus alumnos de cuatro suspensos y tira p\u2019alante. Pues la culpa de que ahora la cosa ande chunga, la causa de tanto disparate, descoordinaci\u00f3n, confusi\u00f3n y agraf\u00eda, no la ten\u00e9is los pol\u00edticos culturalmente planos. Niet. La tiene el bajo rendimiento educativo de Ortega y Gasset, Unamuno, Cajal, Men\u00e9ndez Pidal, Manuel Seco, Juli\u00e1n Mar\u00edas o Gregorio Salvador, o el de la gente que estudi\u00f3 bajo el franquismo: Juan Mars\u00e9, Mu\u00f1oz Molina, Carmen Iglesias, Jos\u00e9 Manuel S\u00e1nchez Ron, Ignacio Bosque, Margarita Salas, Luis Mateo D\u00edez, \u00c1lvaro Pombo, Francisco Rico y algunos otros analfabetos, padres o no, entre los que generacionalmente me incluyo. <br \/><b>Qu\u00e9 miedo me dais algunos, redi\u00f3s. En serio.<\/b> Cu\u00e1nto m\u00e1s peligro tiene un imb\u00e9cil que un malvado.<\/p>\n<\/blockquote>\n<p><a href=\"http:\/\/www.xlsemanal.com\/web\/firma.php?id_edicion=2687&amp;id_firma=5150\">P\u00e1salo merece la pena que tenga la m\u00e1xima difusi\u00f3n<\/a>. <\/p>\n<p>Los pol\u00edticos deber\u00edan comprometerse en sus programas electorales&nbsp;a llevar a sus hijos&nbsp; a un colegio p\u00fablico.<\/p>\n","protected":false},"excerpt":{"rendered":"<p>Art\u00edculo de Arturo P\u00e9rez-Reverte publicado en XL-Semanal. Gane quien gane las pr\u00f3ximas elecciones generales deber\u00eda tenerlo en cuenta. &nbsp; Cuadrilla de golfos apandadores, unos y otros. Refraneros casticistas analfabetos de la derecha. Demagogos iletrados de la izquierda. Presidente de este Gobierno. Ex presidente del otro. Jefe de la pat\u00e9tica oposici\u00f3n. Secretarios generales de partidos nacionales [&hellip;]<\/p>\n","protected":false},"author":1,"featured_media":0,"comment_status":"open","ping_status":"open","sticky":false,"template":"","format":"standard","meta":{"footnotes":""},"categories":[17,19],"tags":[],"class_list":["post-1555","post","type-post","status-publish","format-standard","hentry","category-articulos","category-educacion"],"_links":{"self":[{"href":"http:\/\/aula21.net\/aulablog21\/wp-json\/wp\/v2\/posts\/1555","targetHints":{"allow":["GET"]}}],"collection":[{"href":"http:\/\/aula21.net\/aulablog21\/wp-json\/wp\/v2\/posts"}],"about":[{"href":"http:\/\/aula21.net\/aulablog21\/wp-json\/wp\/v2\/types\/post"}],"author":[{"embeddable":true,"href":"http:\/\/aula21.net\/aulablog21\/wp-json\/wp\/v2\/users\/1"}],"replies":[{"embeddable":true,"href":"http:\/\/aula21.net\/aulablog21\/wp-json\/wp\/v2\/comments?post=1555"}],"version-history":[{"count":0,"href":"http:\/\/aula21.net\/aulablog21\/wp-json\/wp\/v2\/posts\/1555\/revisions"}],"wp:attachment":[{"href":"http:\/\/aula21.net\/aulablog21\/wp-json\/wp\/v2\/media?parent=1555"}],"wp:term":[{"taxonomy":"category","embeddable":true,"href":"http:\/\/aula21.net\/aulablog21\/wp-json\/wp\/v2\/categories?post=1555"},{"taxonomy":"post_tag","embeddable":true,"href":"http:\/\/aula21.net\/aulablog21\/wp-json\/wp\/v2\/tags?post=1555"}],"curies":[{"name":"wp","href":"https:\/\/api.w.org\/{rel}","templated":true}]}}