{"id":1566,"date":"2008-01-15T16:40:16","date_gmt":"2008-01-15T15:40:16","guid":{"rendered":"http:\/\/aula21.net\/aulablog21\/archives\/2008\/01\/15\/es-de-libro-el-programa-educativo-de-cedro\/"},"modified":"2008-01-15T21:45:29","modified_gmt":"2008-01-15T20:45:29","slug":"es-de-libro-el-programa-educativo-de-cedro","status":"publish","type":"post","link":"http:\/\/aula21.net\/aulablog21\/archives\/2008\/01\/15\/es-de-libro-el-programa-educativo-de-cedro\/","title":{"rendered":"Es de libro, el programa educativo de Cedro."},"content":{"rendered":"<\/p>\n<p><i>Es de libro <\/i>(<a href=\"http:\/\/www.esdelibro.es\/\">www.esdelibro.es<\/a>), el programa educativo de CEDRO sobre el libro&nbsp; que cuenta con el apoyo de los ministerios de Cultura y de Educaci\u00f3n y Ciencia, tiene como objetivo informar y sensibilizar en las aulas de ESO y Bachillerato sobre los valores de la creaci\u00f3n, el libro y el respeto a la propiedad intelectual mediante una serie de materiales did\u00e1cticos.  <\/p>\n<p>Entre estos <a href=\"http:\/\/www.esdelibro.es\/index.php?id_seccion=15\">materiales<\/a> se encuentran unas gu\u00edas extraordinarias gu\u00edas para la elaboraci\u00f3n de trabajos escolares, dirigidas a profesores y estudiantes, en las que se detallan los pasos necesarios para elaboraci\u00f3n de trabajos originales, bien documentados y que respeten los derechos de autor; y unos dec\u00e1logos, con una serie de normas pr\u00e1cticas en relaci\u00f3n con la lectura, los libros, la creaci\u00f3n y los derechos de autor, dirigidos a alumnos y&nbsp;profesores. <\/p>\n<p>Adem\u00e1s, como parte del programa educativo, se ha convocado la segunda edici\u00f3n del concurso <a href=\"http:\/\/www.esdelibro.es\/index.php?id_seccion=5\">\u00abSi eres original, eres de libro\u00bb<\/a>. En \u00e9l, los estudiantes de secundaria, bachillerato y ciclos de formaci\u00f3n de grado medio, en grupos de dos a cuatro alumnos, y siempre bajo la coordinaci\u00f3n de un \u00fanico profesor, tienen que inscribirse desde el 17 de septiembre <b>hasta el 31 de enero de 2008<\/b>, y posteriormente presentar los trabajos escolares que hayan elaborado siguiendo las gu\u00edas. Los trabajos recibidos se ir\u00e1n publicando en <b><a href=\"http:\/\/www.esdelibro.es\/\">www.esdelibro.es<\/a><\/b>, y los ganadores recibir\u00e1n sus premios en el mes de mayo del 2008.  <\/p>\n<p>Cada uno de los alumnos cuyos trabajos resulten ganadores obtendr\u00e1n un cheque regalo por valor de 120 euros para la compra de libros y un ordenador port\u00e1til; los profesores que hayan coordinado grupos ganadores recibir\u00e1n un cheque regalo de 200 euros para la compra de libros y un ordenador port\u00e1til; y los centros en los que cursan los grupos ganadores obtendr\u00e1n un cheque regalo por valor de 1.000 euros.  <\/p>\n<p>Me parece una magn\u00edfica iniciativa que merece ser difundida.<\/p>\n","protected":false},"excerpt":{"rendered":"<p>Es de libro (www.esdelibro.es), el programa educativo de CEDRO sobre el libro&nbsp; que cuenta con el apoyo de los ministerios de Cultura y de Educaci\u00f3n y Ciencia, tiene como objetivo informar y sensibilizar en las aulas de ESO y Bachillerato sobre los valores de la creaci\u00f3n, el libro y el respeto a la propiedad intelectual [&hellip;]<\/p>\n","protected":false},"author":1,"featured_media":0,"comment_status":"open","ping_status":"open","sticky":false,"template":"","format":"standard","meta":{"footnotes":""},"categories":[8,25],"tags":[],"class_list":["post-1566","post","type-post","status-publish","format-standard","hentry","category-educacion_e_internet","category-eventos"],"_links":{"self":[{"href":"http:\/\/aula21.net\/aulablog21\/wp-json\/wp\/v2\/posts\/1566","targetHints":{"allow":["GET"]}}],"collection":[{"href":"http:\/\/aula21.net\/aulablog21\/wp-json\/wp\/v2\/posts"}],"about":[{"href":"http:\/\/aula21.net\/aulablog21\/wp-json\/wp\/v2\/types\/post"}],"author":[{"embeddable":true,"href":"http:\/\/aula21.net\/aulablog21\/wp-json\/wp\/v2\/users\/1"}],"replies":[{"embeddable":true,"href":"http:\/\/aula21.net\/aulablog21\/wp-json\/wp\/v2\/comments?post=1566"}],"version-history":[{"count":0,"href":"http:\/\/aula21.net\/aulablog21\/wp-json\/wp\/v2\/posts\/1566\/revisions"}],"wp:attachment":[{"href":"http:\/\/aula21.net\/aulablog21\/wp-json\/wp\/v2\/media?parent=1566"}],"wp:term":[{"taxonomy":"category","embeddable":true,"href":"http:\/\/aula21.net\/aulablog21\/wp-json\/wp\/v2\/categories?post=1566"},{"taxonomy":"post_tag","embeddable":true,"href":"http:\/\/aula21.net\/aulablog21\/wp-json\/wp\/v2\/tags?post=1566"}],"curies":[{"name":"wp","href":"https:\/\/api.w.org\/{rel}","templated":true}]}}