{"id":1567,"date":"2008-01-15T21:05:54","date_gmt":"2008-01-15T20:05:54","guid":{"rendered":"http:\/\/aula21.net\/aulablog21\/archives\/2008\/01\/15\/wikis-en-el-colegio-base\/"},"modified":"2008-01-21T15:51:05","modified_gmt":"2008-01-21T14:51:05","slug":"wikis-en-el-colegio-base","status":"publish","type":"post","link":"http:\/\/aula21.net\/aulablog21\/archives\/2008\/01\/15\/wikis-en-el-colegio-base\/","title":{"rendered":"Wikis en el Colegio Base"},"content":{"rendered":"<p>Buenos amigos del <a href=\"http:\/\/www.colegiobase.com\/inde.htm\">Colegio Base<\/a> de Madrid (elegido por cuarto a\u00f1o consecutivo el mejor Colegio de la Comunidad de Madrid por el diario El Mundo)&nbsp;hice <a href=\"http:\/\/aula21.net\/aulablog21\/archives\/2007\/11\/25\/los-wikis-invaden-las-aulas-jormadas-tic-en-el-escorial\/\">en las jornadas<\/a> en las que particip\u00e9 como ponente el pasado mes de Noviembre en El Escorial.<\/p>\n<p>El taller de wikis que impart\u00ed&nbsp;va dando sus frutos y hoy quiero rese\u00f1ar los wikis de&nbsp;diversos profesores de este centro.<\/p>\n<ul>\n<li><a href=\"http:\/\/wikipepia.wikispaces.com\/\">El wiki del amigo Pepe Giraldez<\/a> coordinador TIC del Colegio Base y profesor de Ciencias Sociales&nbsp;del que guardo un grat\u00edsimo recuerdo, lo ha denominado ni m\u00e1s ni menos que <a href=\"http:\/\/wikipepia.wikispaces.com\/\">la WIKIPEPIA<\/a>&nbsp;y est\u00e1 pensado para trabajar con&nbsp;sus alumnos\/as de 4\u00ba de ESO y, en el futuro lo extender\u00e1 a otros cursos.\n<li><a href=\"http:\/\/cbasefis2bt.wikispaces.com\">El wiki del grupo de F\u00edsica de 2\u00ba de Bachillerato<\/a>, francamente bueno.<\/li>\n<\/ul>\n<p>Por cierto acabo de leer que&nbsp; <a href=\"http:\/\/es.wikipedia.org\/wiki\/Historia_de_Wikipedia\">La Wikipedia cumple hoy 7 a\u00f1os&#8230; \u00a1Felicidades, wikipedistas!<\/a><\/p>\n<p><!--adsense--><\/p>\n","protected":false},"excerpt":{"rendered":"<p>Buenos amigos del Colegio Base de Madrid (elegido por cuarto a\u00f1o consecutivo el mejor Colegio de la Comunidad de Madrid por el diario El Mundo)&nbsp;hice en las jornadas en las que particip\u00e9 como ponente el pasado mes de Noviembre en El Escorial. El taller de wikis que impart\u00ed&nbsp;va dando sus frutos y hoy quiero rese\u00f1ar [&hellip;]<\/p>\n","protected":false},"author":1,"featured_media":0,"comment_status":"open","ping_status":"open","sticky":false,"template":"","format":"standard","meta":{"footnotes":""},"categories":[16],"tags":[],"class_list":["post-1567","post","type-post","status-publish","format-standard","hentry","category-wikis"],"_links":{"self":[{"href":"http:\/\/aula21.net\/aulablog21\/wp-json\/wp\/v2\/posts\/1567","targetHints":{"allow":["GET"]}}],"collection":[{"href":"http:\/\/aula21.net\/aulablog21\/wp-json\/wp\/v2\/posts"}],"about":[{"href":"http:\/\/aula21.net\/aulablog21\/wp-json\/wp\/v2\/types\/post"}],"author":[{"embeddable":true,"href":"http:\/\/aula21.net\/aulablog21\/wp-json\/wp\/v2\/users\/1"}],"replies":[{"embeddable":true,"href":"http:\/\/aula21.net\/aulablog21\/wp-json\/wp\/v2\/comments?post=1567"}],"version-history":[{"count":0,"href":"http:\/\/aula21.net\/aulablog21\/wp-json\/wp\/v2\/posts\/1567\/revisions"}],"wp:attachment":[{"href":"http:\/\/aula21.net\/aulablog21\/wp-json\/wp\/v2\/media?parent=1567"}],"wp:term":[{"taxonomy":"category","embeddable":true,"href":"http:\/\/aula21.net\/aulablog21\/wp-json\/wp\/v2\/categories?post=1567"},{"taxonomy":"post_tag","embeddable":true,"href":"http:\/\/aula21.net\/aulablog21\/wp-json\/wp\/v2\/tags?post=1567"}],"curies":[{"name":"wp","href":"https:\/\/api.w.org\/{rel}","templated":true}]}}