{"id":1570,"date":"2008-01-17T18:30:02","date_gmt":"2008-01-17T17:30:02","guid":{"rendered":"http:\/\/aula21.net\/aulablog21\/archives\/2008\/01\/17\/mara-luz-corts-desaparecida-en-huelva\/"},"modified":"2010-04-10T22:36:19","modified_gmt":"2010-04-10T21:36:19","slug":"mara-luz-corts-desaparecida-en-huelva","status":"publish","type":"post","link":"http:\/\/aula21.net\/aulablog21\/archives\/2008\/01\/17\/mara-luz-corts-desaparecida-en-huelva\/","title":{"rendered":"Mar&iacute;a Luz Cort&eacute;s, desaparecida en Huelva"},"content":{"rendered":"<p><a href=\"http:\/\/www.mariabarcelo.es\/?p=296\">Siguiendo el ejemplo de Mar\u00eda Barcelo<\/a> me hago eco de la desaparici\u00f3n de una ni\u00f1a en Huelva.<\/p>\n<p><a href=\"http:\/\/www.aula21.net\/aulablog21\/subidas\/9c7d95b4ca21_1032E\/photo_331.jpg\"><img loading=\"lazy\" decoding=\"async\" style=\"border-right: 0px; border-top: 0px; border-left: 0px; border-bottom: 0px\" src=\"http:\/\/www.aula21.net\/aulablog21\/subidas\/9c7d95b4ca21_1032E\/photo_33.jpg\" border=\"0\" alt=\"\" width=\"344\" height=\"259\" \/><\/a><\/p>\n<p>En el momento de su desaparici\u00f3n vest\u00eda con una camiseta rosa y unos leotardos del mismo color y una falda<br \/>\nvaquera.<\/p>\n<p>Fue vista por \u00faltima vez en su barrio, El Torrej\u00f3n de Huelva, a las 17:30 horas del domingo 13 de enero de 2008.<\/p>\n<p>La colaboraci\u00f3n ciudadana es fundamental para encontrarla. Por favor, si tienes alguna pista comun\u00edcalo urgentemente a la Guardia Civil, a la Polic\u00eda, etc. o llama a estos tel\u00e9fonos de la familia:<\/p>\n<p><strong>655 15 97 76 &#8211; 630 36 32 02<\/strong><\/p>\n<p><a href=\"http:\/\/www.aula21.net\/aulablog21\/subidas\/9c7d95b4ca21_1032E\/MARILUZ1.jpg\"><img loading=\"lazy\" decoding=\"async\" style=\"border-right: 0px; border-top: 0px; border-left: 0px; border-bottom: 0px\" src=\"http:\/\/www.aula21.net\/aulablog21\/subidas\/9c7d95b4ca21_1032E\/MARILUZ.jpg\" border=\"0\" alt=\"\" width=\"246\" height=\"340\" \/><\/a><\/p>\n<p><strong>\u00a1\u00a1\u00a1\u00a1 ENLAZA LA NOTICIA EN TU BLOG Y DIF\u00daNDELA !!!!!<\/strong><\/p>\n","protected":false},"excerpt":{"rendered":"<p>Siguiendo el ejemplo de Mar\u00eda Barcelo me hago eco de la desaparici\u00f3n de una ni\u00f1a en Huelva. En el momento de su desaparici\u00f3n vest\u00eda con una camiseta rosa y unos leotardos del mismo color y una falda vaquera. Fue vista por \u00faltima vez en su barrio, El Torrej\u00f3n de Huelva, a las 17:30 horas del [&hellip;]<\/p>\n","protected":false},"author":1,"featured_media":0,"comment_status":"closed","ping_status":"open","sticky":false,"template":"","format":"standard","meta":{"footnotes":""},"categories":[1,23],"tags":[],"class_list":["post-1570","post","type-post","status-publish","format-standard","hentry","category-miscelanea","category-sociedad"],"_links":{"self":[{"href":"http:\/\/aula21.net\/aulablog21\/wp-json\/wp\/v2\/posts\/1570","targetHints":{"allow":["GET"]}}],"collection":[{"href":"http:\/\/aula21.net\/aulablog21\/wp-json\/wp\/v2\/posts"}],"about":[{"href":"http:\/\/aula21.net\/aulablog21\/wp-json\/wp\/v2\/types\/post"}],"author":[{"embeddable":true,"href":"http:\/\/aula21.net\/aulablog21\/wp-json\/wp\/v2\/users\/1"}],"replies":[{"embeddable":true,"href":"http:\/\/aula21.net\/aulablog21\/wp-json\/wp\/v2\/comments?post=1570"}],"version-history":[{"count":0,"href":"http:\/\/aula21.net\/aulablog21\/wp-json\/wp\/v2\/posts\/1570\/revisions"}],"wp:attachment":[{"href":"http:\/\/aula21.net\/aulablog21\/wp-json\/wp\/v2\/media?parent=1570"}],"wp:term":[{"taxonomy":"category","embeddable":true,"href":"http:\/\/aula21.net\/aulablog21\/wp-json\/wp\/v2\/categories?post=1570"},{"taxonomy":"post_tag","embeddable":true,"href":"http:\/\/aula21.net\/aulablog21\/wp-json\/wp\/v2\/tags?post=1570"}],"curies":[{"name":"wp","href":"https:\/\/api.w.org\/{rel}","templated":true}]}}