{"id":1571,"date":"2008-01-19T14:07:16","date_gmt":"2008-01-19T13:07:16","guid":{"rendered":"http:\/\/aula21.net\/aulablog21\/archives\/2008\/01\/19\/un-ordenador-por-alumno\/"},"modified":"2008-01-21T15:50:45","modified_gmt":"2008-01-21T14:50:45","slug":"un-ordenador-por-alumno","status":"publish","type":"post","link":"http:\/\/aula21.net\/aulablog21\/archives\/2008\/01\/19\/un-ordenador-por-alumno\/","title":{"rendered":"Un ordenador por alumno"},"content":{"rendered":"<p>Entre las medidas educativas aprobadas recientemente&nbsp;por el <a href=\"http:\/\/www.juntaaldia.es\/Archivos\/ver_archivo.aspx?id_Archivo=5183\">Consejo de Gobierno Extraordinario<\/a> de la <a href=\"http:\/\/www.juntaex.es\/\">Junta de Extremadura<\/a>&nbsp;llama la atenci\u00f3n la medida 44: \u201cAlcanzar la cifra de un ordenador por alumno en la Ense\u00f1anza Secundaria Obligatoria\u201d.<\/p>\n<p>Espero que no se limiten a gastar m\u00e1s dinero y la medida vaya acompa\u00f1ada de una inteligente hoja de ruta que&nbsp;permita sacarles m\u00e1s&nbsp;partido a los ordenadores&nbsp;y reducir el fracaso escolar que falta nos hace.<\/p>\n<p>All\u00e1 por el siglo XV&nbsp;muchos incautos pensaron que por comprar muchos libros la gente aprender\u00eda a leer,&nbsp;algunos se dieron cuenta que ello era necesario pero no suficiente.<\/p>\n<p>Yo de momento prefiero no opinar m\u00e1s&nbsp;hasta conocer&nbsp;los detalles del nuevo plan&nbsp;y me limito a leer las acertadas reflexiones de dos personas que me inspiran gran admiraci\u00f3n y respeto. <\/p>\n<p>Art\u00edculo de Carlos Cabanillas <a href=\"http:\/\/www.extremaduraclasica.com\/bitacora\/2008\/01\/18\/un-ordenador-por-alumno-en-la-eso\/\">Un ordenador por alumno en la E.S.O.<\/a><\/p>\n<p>Art\u00edculo de Jose Luis Redrejo <a href=\"http:\/\/www.itais.net\/2008\/01\/17\/estos-politicos\/\">Estos pol\u00edticos\u2026<\/a><\/p>\n<p>&nbsp;<\/p>\n<p>.<\/p>\n<p><!--adsense--><\/p>\n","protected":false},"excerpt":{"rendered":"<p>Entre las medidas educativas aprobadas recientemente&nbsp;por el Consejo de Gobierno Extraordinario de la Junta de Extremadura&nbsp;llama la atenci\u00f3n la medida 44: \u201cAlcanzar la cifra de un ordenador por alumno en la Ense\u00f1anza Secundaria Obligatoria\u201d. Espero que no se limiten a gastar m\u00e1s dinero y la medida vaya acompa\u00f1ada de una inteligente hoja de ruta que&nbsp;permita [&hellip;]<\/p>\n","protected":false},"author":1,"featured_media":0,"comment_status":"open","ping_status":"open","sticky":false,"template":"","format":"standard","meta":{"footnotes":""},"categories":[17,19,18],"tags":[],"class_list":["post-1571","post","type-post","status-publish","format-standard","hentry","category-articulos","category-educacion","category-tic"],"_links":{"self":[{"href":"http:\/\/aula21.net\/aulablog21\/wp-json\/wp\/v2\/posts\/1571","targetHints":{"allow":["GET"]}}],"collection":[{"href":"http:\/\/aula21.net\/aulablog21\/wp-json\/wp\/v2\/posts"}],"about":[{"href":"http:\/\/aula21.net\/aulablog21\/wp-json\/wp\/v2\/types\/post"}],"author":[{"embeddable":true,"href":"http:\/\/aula21.net\/aulablog21\/wp-json\/wp\/v2\/users\/1"}],"replies":[{"embeddable":true,"href":"http:\/\/aula21.net\/aulablog21\/wp-json\/wp\/v2\/comments?post=1571"}],"version-history":[{"count":0,"href":"http:\/\/aula21.net\/aulablog21\/wp-json\/wp\/v2\/posts\/1571\/revisions"}],"wp:attachment":[{"href":"http:\/\/aula21.net\/aulablog21\/wp-json\/wp\/v2\/media?parent=1571"}],"wp:term":[{"taxonomy":"category","embeddable":true,"href":"http:\/\/aula21.net\/aulablog21\/wp-json\/wp\/v2\/categories?post=1571"},{"taxonomy":"post_tag","embeddable":true,"href":"http:\/\/aula21.net\/aulablog21\/wp-json\/wp\/v2\/tags?post=1571"}],"curies":[{"name":"wp","href":"https:\/\/api.w.org\/{rel}","templated":true}]}}