{"id":1580,"date":"2008-01-31T18:32:07","date_gmt":"2008-01-31T17:32:07","guid":{"rendered":"http:\/\/aula21.net\/aulablog21\/archives\/2008\/01\/31\/contra-el-plan-bolonia\/"},"modified":"2008-01-31T18:44:49","modified_gmt":"2008-01-31T17:44:49","slug":"contra-el-plan-bolonia","status":"publish","type":"post","link":"http:\/\/aula21.net\/aulablog21\/archives\/2008\/01\/31\/contra-el-plan-bolonia\/","title":{"rendered":"Contra el plan Bolonia"},"content":{"rendered":"<p>Visto en <a href=\"http:\/\/firgoa.usc.es\/drupal\/node\/38512\">Firgoa<\/a>.<\/p>\n<p><strong>Coordinadora Andaluza de Estudiantes: <a href=\"http:\/\/www.rebelion.org\/noticia.php?id=62585\">Contra la LOU y el Plan Bolonia <\/a><br \/><\/strong>6 de marzo, convocatoria estatal en defensa de la educaci\u00f3n p\u00fablica<\/p>\n<p><em>A toda la comunidad estudiantil: estudiantes de ense\u00f1anzas medias y universidades, asociaciones de padres de alumnos, profesores y dem\u00e1s trabajadores del \u00e1mbito educativo.<\/em><br \/><em>A todas las organizaciones pol\u00edticas y sindicales que deseen solidarizarse con este problema que afecta a toda la sociedad.<\/em><br \/>Desde las distintas plataformas estudiantiles integradas en la Coordinadora Andaluza de Estudiantes, nos sumamos a la convocatoria de movilizaci\u00f3n para el d\u00eda 6 de marzo que se realizar\u00e1 por diversos colectivos de estudiantes y profesores del Estado contra la reforma universitaria que se viene aplicando paulatina y soterradamente. <br \/>Rechazamos terminantemente el Espacio Europeo de Educaci\u00f3n Superior, tanto en lo referente a su estructura y m\u00e9todos de financiaci\u00f3n privada como en lo referente a sus m\u00e9todos docentes. Entendemos que la ausencia de un m\u00ednimo de informaci\u00f3n y debate en las instituciones p\u00fablicas y, especialmente, universitarias se debe a que no existe otra manera de poder imponer este cambio.<br \/>Porque un giro verdaderamente radical est\u00e1 siendo impuesto desde los distintos gobiernos que integran la Uni\u00f3n Europea con el objetivo de poner la Universidad al servicio de los intereses de las grandes empresas y de la banca, al servicio de intereses privados y no generales. <\/p>\n<p>Concretamente, el Real Decreto aprobado por el gobierno el 10 de octubre de 2007 establece un Grado de formaci\u00f3n muy generalista y devaluada, lo que har\u00e1 que s\u00f3lo quien pueda pagarse un car\u00edsimo Posgrado tenga el privilegio de recibir una formaci\u00f3n m\u00e1s espec\u00edfica y valorada. <br \/>Lejos de becar ampliamente estos cursos de Posgrado, que se ver\u00e1n fuertemente encarecidos, el Gobierno ha optado por ofertar pr\u00e9stamos que concede la banca privada, lo que nos aproxima peligrosamente a un modelo de financiaci\u00f3n universitario tan elitista como el de los pa\u00edses anglosajones. <br \/>Todo esto explica que en todas las universidades tengan cada vez m\u00e1s presencia distintas entidades bancarias (como el Banco Santander), que esperan con los brazos abiertos el endeudamiento de los estudiantes y que en muchos casos han logrado colocar oficinas en los campus universitarios a su antojo, por encima de cualquier vestigio de autonom\u00eda universitaria.<br \/><a href=\"http:\/\/www.rebelion.org\/noticia.php?id=62585\">Leer comunicado completo.<\/a><br \/>Es tiempo de elecciones \u00bfqu\u00e9 pretenden hacer los partidos con la Universidad ?<br \/>Es una pena que el debate sobre la educaci\u00f3n se limite a Educaci\u00f3n por la Ciudadan\u00eda y cuatro chorradas m\u00e1s cuando hay un mont\u00f3n de problemas graves que no se abordan.<br \/>\u00bf Conseguir\u00e1 el PSOE que la universidad vuelva a ser&nbsp;\u00fanicamente&nbsp;para las clases favorecidas ? <\/p>\n<p>\u00bf Con la limosna de los 400 Euros, que para m\u00e1s inri son nuestros, pretenden que paguemos los masters de nuestros hijos ? <\/p>\n","protected":false},"excerpt":{"rendered":"<p>Visto en Firgoa. Coordinadora Andaluza de Estudiantes: Contra la LOU y el Plan Bolonia 6 de marzo, convocatoria estatal en defensa de la educaci\u00f3n p\u00fablica A toda la comunidad estudiantil: estudiantes de ense\u00f1anzas medias y universidades, asociaciones de padres de alumnos, profesores y dem\u00e1s trabajadores del \u00e1mbito educativo.A todas las organizaciones pol\u00edticas y sindicales que [&hellip;]<\/p>\n","protected":false},"author":1,"featured_media":0,"comment_status":"open","ping_status":"open","sticky":false,"template":"","format":"standard","meta":{"footnotes":""},"categories":[17,19],"tags":[],"class_list":["post-1580","post","type-post","status-publish","format-standard","hentry","category-articulos","category-educacion"],"_links":{"self":[{"href":"http:\/\/aula21.net\/aulablog21\/wp-json\/wp\/v2\/posts\/1580","targetHints":{"allow":["GET"]}}],"collection":[{"href":"http:\/\/aula21.net\/aulablog21\/wp-json\/wp\/v2\/posts"}],"about":[{"href":"http:\/\/aula21.net\/aulablog21\/wp-json\/wp\/v2\/types\/post"}],"author":[{"embeddable":true,"href":"http:\/\/aula21.net\/aulablog21\/wp-json\/wp\/v2\/users\/1"}],"replies":[{"embeddable":true,"href":"http:\/\/aula21.net\/aulablog21\/wp-json\/wp\/v2\/comments?post=1580"}],"version-history":[{"count":0,"href":"http:\/\/aula21.net\/aulablog21\/wp-json\/wp\/v2\/posts\/1580\/revisions"}],"wp:attachment":[{"href":"http:\/\/aula21.net\/aulablog21\/wp-json\/wp\/v2\/media?parent=1580"}],"wp:term":[{"taxonomy":"category","embeddable":true,"href":"http:\/\/aula21.net\/aulablog21\/wp-json\/wp\/v2\/categories?post=1580"},{"taxonomy":"post_tag","embeddable":true,"href":"http:\/\/aula21.net\/aulablog21\/wp-json\/wp\/v2\/tags?post=1580"}],"curies":[{"name":"wp","href":"https:\/\/api.w.org\/{rel}","templated":true}]}}