{"id":167,"date":"2005-01-17T00:18:33","date_gmt":"2005-01-16T23:18:33","guid":{"rendered":"http:\/\/127.0.0.1\/wordpress2\/index.php\/archives\/2005\/01\/17\/blogs-de-don-quijote-y-sancho\/"},"modified":"2005-01-17T16:36:49","modified_gmt":"2005-01-17T15:36:49","slug":"blogs-de-don-quijote-y-sancho","status":"publish","type":"post","link":"http:\/\/aula21.net\/aulablog21\/archives\/2005\/01\/17\/blogs-de-don-quijote-y-sancho\/","title":{"rendered":"Actilingua. Blogs de Don Quijote y Sancho"},"content":{"rendered":"<p>En <a href=\"http:\/\/www.actilingua.net\/blogdeunaprofedim.html\" target=\"_blank\">Blog d&#8217;una profe\u00a0Dim<\/a>,\u00a0 blog de <a href=\"http:\/\/www.actilingua.net\/acti60\/modules.php?name=Content&#038;pa=showpage&#038;pid=41\" target=\"_blank\">Bea Mar\u00edn<\/a>\u00a0 profesora del <a href=\"http:\/\/iesmatadepera.xtec.es\/\">IES Matadepera<\/a>\u00a0y &quot;webmaestra&quot; de <a href=\"http:\/\/www.actilingua.net\/\">Actilingua.net<\/a>,\u00a0que trabaja las TIC en el aula, descubro una aplicaci\u00f3n did\u00e1ctica m\u00e1s de las bit\u00e1coras, los Blogs Literarios . Sus alumnos\u00a0publican art\u00edculos en <a href=\"http:\/\/www.actilingua.net\/blogsliterarios\/quijote\">El Blog del Quijote<\/a> y <a href=\"http:\/\/www.actilingua.net\/blogsliterarios\/sancho\">El Blog de Sancho<\/a>.<br \/>En <a href=\"http:\/\/www.actilingua.net\/\" target=\"_blank\">Actilingua.net<\/a> me descarg\u00e9 dos estupendos manuales que podemos usar\u00a0para iniciar a los alumnos en el mundo de los blogs:<\/p>\n<ul>\n<li><a href=\"http:\/\/www.actilingua.net\/acti60\/doc\/actiescuela\/ESOGENERAL\/bitacorablogia.pdf\">C\u00f3mo crear una bit\u00e1cora en Blogia en 6 pasos.<\/a> <\/li>\n<li><a href=\"http:\/\/www.actilingua.net\/acti60\/doc\/actiescuela\/ESOGENERAL\/tutorialbloglines.pdf\">C\u00f3mo crear un gestor de titulares (Bloglines) en 6 pasos<\/a>.<\/li>\n<\/ul>\n<p>\u00a1Vaya ejemplo de creatividad y dedicaci\u00f3n\u00a0el de Bea! De mayor quiero ser como tu y si eso no es posible al menos me gustar\u00eda que fueras profesora de mi hija Mercedes&#8230;<\/p>\n<p><a href=\"http:\/\/www.actilingua.net\/2004\/02\/por-qu-trabajar-blogs-en-el-aula.html\" target=\"_blank\">En uno de los art\u00edculos<\/a> de su magn\u00edfico Blog podemos leer ( me he permitido traducir el \u00faltimo p\u00e1rrafo del catal\u00e1n al castellano):<\/p>\n<p \/>\n<p \/>\n<blockquote>\n<p>Hoy entr\u00e9 en los cuartos con la mirada huidiza. Tema: gram\u00e1tica pura y dura. Coordinaci\u00f3n y subordinaci\u00f3n. &#8230;Ya s\u00e9 qu\u00e9 lo contextualizo,&#8230; ya s\u00e9 que para- su- propia- expresi\u00f3n- han- de-conocer- algunas- reglas- del- c\u00f3digo. Pero \u00bfpor qu\u00e9 ser\u00e1 que me fastidia el discurso metaling\u00fc\u00edstico cuando se refiere al c\u00f3digo del sistema, y en cambio me fascina (y les fascina) cuando hablamos del hecho comunicativo? Tengo la convicci\u00f3n de que nuestros chavales pueden optimizar sus recursos comunicativos. As\u00ed como pueden reforzar y afianzar un perfil emocional adecuado para una sociedad cambiante, tecnologizada, global&#8230; Cuando se habla de alfabetizaci\u00f3n digital tambi\u00e9n se deber\u00eda hablar de la educaci\u00f3n emocional que ello conlleva. \u00bfPor qu\u00e9 entonces ense\u00f1ar an\u00e1lisis gramatical? \u00bfPara qu\u00e9?. Bueno, listilla, vamos a hacernos preguntas m\u00e1s interesantes, que realmente valga la pena pensar y responder: \u00bfPor qu\u00e9 trabajar blogs? \u00bfPara qu\u00e9? As\u00ed a voz y pronto se me ocurre una respuesta: para ayudarles a construir una identidad virtual donde puedan ser, en el aspecto comunicativo: asertivos, correctos, fluidos, creativos, participativos, democr\u00e1ticos. (Sin contar que con la escritura introspectiva podremos trabajar: ortograf\u00eda, morfolog\u00eda, l\u00e9xico, gram\u00e1tica, elementos de la narraci\u00f3n, diferentes tipolog\u00edas textuales, &#8230; \u00a1y hasta coordinaci\u00f3n y subordinaci\u00f3n! \ud83d\ude09 La pregunta que queda pendiente es: \u00bfqu\u00e9 necessita saber un profe para trabaja los blogs\u00a0con sus alumnos? Poca cosa, no hace falta ser un\u00a0experto. Saber\u00a0rellenar formularios de registro, tener idea del c\u00f3digo html para\u00a0poder incluir elementos b\u00e0sicos a la plantilla como son enlaces, im\u00e1genes&#8230;\u00a0Y\u00a0nada m\u00e1s. No\u00a0hace falta ni ftp&#8230; \u00a1un chollo!!! (ayer amaneci\u00f3 nevado, ma\u00f1ana quiz\u00e1s tambi\u00e9n). <\/p>\n<p \/>\n<\/blockquote>\n<p \/><\/p>\n","protected":false},"excerpt":{"rendered":"<p>En Blog d&#8217;una profe\u00a0Dim,\u00a0 blog de Bea Mar\u00edn\u00a0 profesora del IES Matadepera\u00a0y &quot;webmaestra&quot; de Actilingua.net,\u00a0que trabaja las TIC en el aula, descubro una aplicaci\u00f3n did\u00e1ctica m\u00e1s de las bit\u00e1coras, los Blogs Literarios . Sus alumnos\u00a0publican art\u00edculos en El Blog del Quijote y El Blog de Sancho.En Actilingua.net me descarg\u00e9 dos estupendos manuales que podemos usar\u00a0para [&hellip;]<\/p>\n","protected":false},"author":1,"featured_media":0,"comment_status":"open","ping_status":"open","sticky":false,"template":"","format":"standard","meta":{"footnotes":""},"categories":[2],"tags":[],"class_list":["post-167","post","type-post","status-publish","format-standard","hentry","category-weblogs_en_el_aula"],"_links":{"self":[{"href":"http:\/\/aula21.net\/aulablog21\/wp-json\/wp\/v2\/posts\/167","targetHints":{"allow":["GET"]}}],"collection":[{"href":"http:\/\/aula21.net\/aulablog21\/wp-json\/wp\/v2\/posts"}],"about":[{"href":"http:\/\/aula21.net\/aulablog21\/wp-json\/wp\/v2\/types\/post"}],"author":[{"embeddable":true,"href":"http:\/\/aula21.net\/aulablog21\/wp-json\/wp\/v2\/users\/1"}],"replies":[{"embeddable":true,"href":"http:\/\/aula21.net\/aulablog21\/wp-json\/wp\/v2\/comments?post=167"}],"version-history":[{"count":0,"href":"http:\/\/aula21.net\/aulablog21\/wp-json\/wp\/v2\/posts\/167\/revisions"}],"wp:attachment":[{"href":"http:\/\/aula21.net\/aulablog21\/wp-json\/wp\/v2\/media?parent=167"}],"wp:term":[{"taxonomy":"category","embeddable":true,"href":"http:\/\/aula21.net\/aulablog21\/wp-json\/wp\/v2\/categories?post=167"},{"taxonomy":"post_tag","embeddable":true,"href":"http:\/\/aula21.net\/aulablog21\/wp-json\/wp\/v2\/tags?post=167"}],"curies":[{"name":"wp","href":"https:\/\/api.w.org\/{rel}","templated":true}]}}