{"id":1715,"date":"2008-07-16T10:24:19","date_gmt":"2008-07-16T09:24:19","guid":{"rendered":"http:\/\/aula21.net\/aulablog21\/archives\/2008\/07\/16\/sobre-campamentos-de-verano-y-blogcensores\/"},"modified":"2008-07-16T10:27:51","modified_gmt":"2008-07-16T09:27:51","slug":"sobre-campamentos-de-verano-y-blogcensores","status":"publish","type":"post","link":"http:\/\/aula21.net\/aulablog21\/archives\/2008\/07\/16\/sobre-campamentos-de-verano-y-blogcensores\/","title":{"rendered":"Sobre campamentos de verano y blogcensores"},"content":{"rendered":"<p>Por tercer a\u00f1o consecutivo tengo a mi hija en un campamento de verano en la <a href=\"http:\/\/www.elprior.tk\/\">Finca El Prior<\/a> en el termino municipal de Fuentes de Le\u00f3n y lindando con el Parque Natural Sierra de Aracena Picos de Aroche.<br \/>Este a\u00f1o se ha llevado su m\u00f3vil y hablamos a diario, est\u00e1 feliz como un pajarino.<br \/>Lo que me ha llevado a escribir este art\u00edculo ha sido la lectura casual del <span><a href=\"http:\/\/campamentocolegiomiramadrid.blogspot.com\/\">Blog del Campamento del Colegio Miramadrid<\/a> (Paracuellos de<br \/>\nJarama) que ha tenido lugar del 1 al 14 de Julio de 2008 en San Rafael<br \/>\n(Segovia).<br \/>Seguro que los padres de esto chicos han estado encantados de poder estar al tanto dia a d\u00eda de sus andanzas .<br \/>Un blog puede servir para algo tan simple como lo descrito, desconozco si esto le parecer\u00e1 lo suficientemente innovador a muchos <b>blogcensores<\/b> de la nada que \u00faltimamente dan charlas circenses por esos congresos de Dios criticando a los profesores que se inician en el uso educativo de Internet abri\u00e9ndose un blog.<br \/>Los blogs han hecho m\u00e1s por aumentar la cultura digital del profesorado que todos los miles de in\u00fatiles cursos que se han impartido en los \u00faltimos diez a\u00f1os sobre Dreamweaver, Word, Power Point, OpenOffice etc.<br \/>Muchos blogcensores tienen blogs en los que no se aprecia ni pizca de innovaci\u00f3n y dan charlas a la antigua usanza, usando una presentacioncita elaborada con Power Point mientras todos los asistentes escuchan sin poder intervenir en ningun momento.<br \/>De momento prefiero no dar nombres pero como sigan dando motivos ir\u00e9 abiertamente contra ellos, un respeto a todo profesor que se abra su blog lo haga mejor o lo haga peor.<br \/>Me reafirmo en que soy un blogfesor por muchos de los motivos que <a href=\"http:\/\/www.blogfesor.org\/manifiesto.htm\">Mario N\u00fa\u00f1ez sabiamente describe.<\/a><\/p>\n<p><\/span><\/p>\n","protected":false},"excerpt":{"rendered":"<p>Por tercer a\u00f1o consecutivo tengo a mi hija en un campamento de verano en la Finca El Prior en el termino municipal de Fuentes de Le\u00f3n y lindando con el Parque Natural Sierra de Aracena Picos de Aroche.Este a\u00f1o se ha llevado su m\u00f3vil y hablamos a diario, est\u00e1 feliz como un pajarino.Lo que me [&hellip;]<\/p>\n","protected":false},"author":1,"featured_media":0,"comment_status":"open","ping_status":"open","sticky":false,"template":"","format":"standard","meta":{"footnotes":""},"categories":[7,2],"tags":[],"class_list":["post-1715","post","type-post","status-publish","format-standard","hentry","category-personal","category-weblogs_en_el_aula"],"_links":{"self":[{"href":"http:\/\/aula21.net\/aulablog21\/wp-json\/wp\/v2\/posts\/1715","targetHints":{"allow":["GET"]}}],"collection":[{"href":"http:\/\/aula21.net\/aulablog21\/wp-json\/wp\/v2\/posts"}],"about":[{"href":"http:\/\/aula21.net\/aulablog21\/wp-json\/wp\/v2\/types\/post"}],"author":[{"embeddable":true,"href":"http:\/\/aula21.net\/aulablog21\/wp-json\/wp\/v2\/users\/1"}],"replies":[{"embeddable":true,"href":"http:\/\/aula21.net\/aulablog21\/wp-json\/wp\/v2\/comments?post=1715"}],"version-history":[{"count":0,"href":"http:\/\/aula21.net\/aulablog21\/wp-json\/wp\/v2\/posts\/1715\/revisions"}],"wp:attachment":[{"href":"http:\/\/aula21.net\/aulablog21\/wp-json\/wp\/v2\/media?parent=1715"}],"wp:term":[{"taxonomy":"category","embeddable":true,"href":"http:\/\/aula21.net\/aulablog21\/wp-json\/wp\/v2\/categories?post=1715"},{"taxonomy":"post_tag","embeddable":true,"href":"http:\/\/aula21.net\/aulablog21\/wp-json\/wp\/v2\/tags?post=1715"}],"curies":[{"name":"wp","href":"https:\/\/api.w.org\/{rel}","templated":true}]}}