{"id":1716,"date":"2008-07-16T11:17:46","date_gmt":"2008-07-16T10:17:46","guid":{"rendered":"http:\/\/aula21.net\/aulablog21\/archives\/2008\/07\/16\/un-verano-sin-cancion-del-verano\/"},"modified":"2008-07-16T11:17:46","modified_gmt":"2008-07-16T10:17:46","slug":"un-verano-sin-cancion-del-verano","status":"publish","type":"post","link":"http:\/\/aula21.net\/aulablog21\/archives\/2008\/07\/16\/un-verano-sin-cancion-del-verano\/","title":{"rendered":"Un verano sin canci\u00f3n del verano"},"content":{"rendered":"<p>No encuentro por lado alguno la canci\u00f3n del verano 2008, la crisis llega al mundo musical tambi\u00e9n.<br \/>\nUna pobre candidata es el baile del Tio Pio.<\/p>\n<p><object width=\"425\" height=\"344\"><param name=\"movie\" value=\"http:\/\/www.youtube.com\/v\/WH7U89nYRGM&#038;hl=en&#038;fs=1\"><\/param><param name=\"allowFullScreen\" value=\"true\"><\/param><embed src=\"http:\/\/www.youtube.com\/v\/WH7U89nYRGM&#038;hl=en&#038;fs=1\" type=\"application\/x-shockwave-flash\" allowfullscreen=\"true\" width=\"425\" height=\"344\"><\/embed><\/object><\/p>\n","protected":false},"excerpt":{"rendered":"<p>No encuentro por lado alguno la canci\u00f3n del verano 2008, la crisis llega al mundo musical tambi\u00e9n. Una pobre candidata es el baile del Tio Pio.<\/p>\n","protected":false},"author":1,"featured_media":0,"comment_status":"open","ping_status":"open","sticky":false,"template":"","format":"standard","meta":{"footnotes":""},"categories":[1],"tags":[],"class_list":["post-1716","post","type-post","status-publish","format-standard","hentry","category-miscelanea"],"_links":{"self":[{"href":"http:\/\/aula21.net\/aulablog21\/wp-json\/wp\/v2\/posts\/1716","targetHints":{"allow":["GET"]}}],"collection":[{"href":"http:\/\/aula21.net\/aulablog21\/wp-json\/wp\/v2\/posts"}],"about":[{"href":"http:\/\/aula21.net\/aulablog21\/wp-json\/wp\/v2\/types\/post"}],"author":[{"embeddable":true,"href":"http:\/\/aula21.net\/aulablog21\/wp-json\/wp\/v2\/users\/1"}],"replies":[{"embeddable":true,"href":"http:\/\/aula21.net\/aulablog21\/wp-json\/wp\/v2\/comments?post=1716"}],"version-history":[{"count":0,"href":"http:\/\/aula21.net\/aulablog21\/wp-json\/wp\/v2\/posts\/1716\/revisions"}],"wp:attachment":[{"href":"http:\/\/aula21.net\/aulablog21\/wp-json\/wp\/v2\/media?parent=1716"}],"wp:term":[{"taxonomy":"category","embeddable":true,"href":"http:\/\/aula21.net\/aulablog21\/wp-json\/wp\/v2\/categories?post=1716"},{"taxonomy":"post_tag","embeddable":true,"href":"http:\/\/aula21.net\/aulablog21\/wp-json\/wp\/v2\/tags?post=1716"}],"curies":[{"name":"wp","href":"https:\/\/api.w.org\/{rel}","templated":true}]}}