{"id":173,"date":"2005-01-19T21:09:39","date_gmt":"2005-01-19T20:09:39","guid":{"rendered":"http:\/\/127.0.0.1\/wordpress2\/index.php\/archives\/2005\/01\/19\/el-gobierno-coordinara-las-versiones-de-gnulinux\/"},"modified":"2005-01-22T22:05:13","modified_gmt":"2005-01-22T21:05:13","slug":"el-gobierno-coordinara-las-versiones-de-gnulinux","status":"publish","type":"post","link":"http:\/\/aula21.net\/aulablog21\/archives\/2005\/01\/19\/el-gobierno-coordinara-las-versiones-de-gnulinux\/","title":{"rendered":"El Gobierno coordinar\u00e1 las versiones de GNU\/Linux"},"content":{"rendered":"<p>En <a href=\"http:\/\/barrapunto.com\/\" target=\"_blank\">Barapunto<\/a>\u00a0podemos leer esta noticia:<br \/><em>\u00abSeg\u00fan <\/em><a href=\"http:\/\/www.elperiodico.com\/default.asp?idpublicacio_PK=5&#038;idioma=CAS&#038;idnoticia_PK=180081&#038;idseccio_PK=242&#038;h=050119\"><em>El Gobierno coordinar\u00e1 las versiones de Linux para escuelas<\/em><\/a><em> que sale hoy de &quot;El Peri\u00f3dico de Catalunya&quot; el Gobierno central se va a encargar de coordinar las diferentes distribuciones auton\u00f3micas para que nadie &quot;reinvente la rueda&quot; compartiendo las aportaciones de los &quot;vecinos&quot;. Sin embargo de momento no se unificar\u00e1n los esfuerzos en una sola distribuci\u00f3n. Tambi\u00e9n podemos ver un <\/em><a href=\"http:\/\/www.elperiodico.com\/EDICION\/ED050119\/CAS\/CARP01\/PDF\/g030rR90.PDF\"><em>mapa topogr\u00e1fico (pdf)<\/em><\/a><em> de las distros oficiales actuales de cada comunidad \u00bfNo creeis que est\u00e1 bien no &quot;reinventar la rueda&quot; y precisamente por eso habr\u00eda que crear una \u00fanica distribuci\u00f3n? (con sus pertinentes traducciones en las lenguas del pa\u00eds) \u00bfQu\u00e9 ideas aportariais a estas distribuciones?\u00bb<\/em> <\/p>\n<p>Creo que ser\u00eda un gran avance que se creara una \u00fanica distribuci\u00f3n\u00a0en lugar de\u00a0que cada regi\u00f3n haga una por su cuenta como ahora ocurre, la primera vez que me ense\u00f1aron Linex pregunt\u00e9 \u00bfque sentido tiene que para abrrir Open Office Impress haya que pulsar un icono que pone Medell\u00edn y luego resulta que el programa aparece en Ingl\u00e9s?.<br \/>De seguir as\u00ed pronto el alcalde de Toledo querr\u00e1 hacer el\u00a0ToledoLinex para poder poner en el escritorio el icono del Greco asociado al programa de Dibujo Gimp. De hecho ya ha salido el Molinolinux de Castilla La Mancha, seguro que el OpenOffice Writter se llama Cervantes&#8230;<br \/>Yo apostar\u00eda por hacer el EuroLinux con recursos aportados por los 25 paises de la Uni\u00f3n Europea , \u00a1 eso si que le har\u00eda da\u00f1o a tio Bill !, de ese modo yo voy por ejemplo a un hotel a Par\u00eds que dispone del EuroLinux para sus clientes y me s\u00e9 manejar, como eso no ocurre pues triunfa el Windows as\u00ed de sencillo.<\/p>\n<p>Dejemos de hacer el cateto por favor.<\/p>\n<p \/>\n","protected":false},"excerpt":{"rendered":"<p>En Barapunto\u00a0podemos leer esta noticia:\u00abSeg\u00fan El Gobierno coordinar\u00e1 las versiones de Linux para escuelas que sale hoy de &quot;El Peri\u00f3dico de Catalunya&quot; el Gobierno central se va a encargar de coordinar las diferentes distribuciones auton\u00f3micas para que nadie &quot;reinvente la rueda&quot; compartiendo las aportaciones de los &quot;vecinos&quot;. Sin embargo de momento no se unificar\u00e1n los [&hellip;]<\/p>\n","protected":false},"author":1,"featured_media":0,"comment_status":"open","ping_status":"open","sticky":false,"template":"","format":"standard","meta":{"footnotes":""},"categories":[4],"tags":[],"class_list":["post-173","post","type-post","status-publish","format-standard","hentry","category-gnulinux"],"_links":{"self":[{"href":"http:\/\/aula21.net\/aulablog21\/wp-json\/wp\/v2\/posts\/173","targetHints":{"allow":["GET"]}}],"collection":[{"href":"http:\/\/aula21.net\/aulablog21\/wp-json\/wp\/v2\/posts"}],"about":[{"href":"http:\/\/aula21.net\/aulablog21\/wp-json\/wp\/v2\/types\/post"}],"author":[{"embeddable":true,"href":"http:\/\/aula21.net\/aulablog21\/wp-json\/wp\/v2\/users\/1"}],"replies":[{"embeddable":true,"href":"http:\/\/aula21.net\/aulablog21\/wp-json\/wp\/v2\/comments?post=173"}],"version-history":[{"count":0,"href":"http:\/\/aula21.net\/aulablog21\/wp-json\/wp\/v2\/posts\/173\/revisions"}],"wp:attachment":[{"href":"http:\/\/aula21.net\/aulablog21\/wp-json\/wp\/v2\/media?parent=173"}],"wp:term":[{"taxonomy":"category","embeddable":true,"href":"http:\/\/aula21.net\/aulablog21\/wp-json\/wp\/v2\/categories?post=173"},{"taxonomy":"post_tag","embeddable":true,"href":"http:\/\/aula21.net\/aulablog21\/wp-json\/wp\/v2\/tags?post=173"}],"curies":[{"name":"wp","href":"https:\/\/api.w.org\/{rel}","templated":true}]}}