{"id":1768,"date":"2008-07-29T22:36:38","date_gmt":"2008-07-29T21:36:38","guid":{"rendered":"http:\/\/aula21.net\/aulablog21\/?p=1768"},"modified":"2008-07-31T18:26:30","modified_gmt":"2008-07-31T17:26:30","slug":"simplemente-libertad-de-elegir","status":"publish","type":"post","link":"http:\/\/aula21.net\/aulablog21\/archives\/2008\/07\/29\/simplemente-libertad-de-elegir\/","title":{"rendered":"Simplemente libertad de elegir"},"content":{"rendered":"<p>He firmado <a href=\"http:\/\/www.elpais.com\/articulo\/espana\/Manifiesto\/lengua\/comun\/elpepuesp\/20080623elpepunac_29\/Tes\">el manifiesto por una lengua com\u00fan<\/a>, creo que todo lo que dice es de sentido com\u00fan y de justicia.<\/p>\n<p>El primer punto es de una claridad meridiana.<\/p>\n<p>1. La lengua castellana es COMUN Y OFICIAL a todo el territorio nacional, siendo la \u00fanica cuya comprensi\u00f3n puede serle supuesta a cualquier efecto a todos los ciudadanos espa\u00f1oles.<\/p>\n<p>El segundo dice;<\/p>\n<p>2. Todos los ciudadanos que lo deseen tienen DERECHO A SER EDUCADOS en lengua castellana, sea cual fuere su lengua materna. Las lenguas cooficiales auton\u00f3micas deben figurar en los planes de estudio de sus respectivas comunidades en diversos grados de oferta, pero nunca como lengua vehicular exclusiva. En cualquier caso, siempre debe quedar garantizado a todos los alumnos el conocimiento final de la lengua com\u00fan.<\/p>\n<p>\u00bfHasta qu\u00e9 grado de idiotez hemos llegado en nuestro pa\u00eds para que semejantes obviedades hayan de convertirse en objeto de reclamaci\u00f3n ciudadana?<\/p>\n<p>Simplemente sentido com\u00fan es lo que falta, si tuviera que irme a vivir por ejemplo a Catalu\u00f1a me gustar\u00eda\u00a0 que mi hija pudiera elegir entre estudiar en Catal\u00e1n o en Espa\u00f1ol y no tener que pagar un colegio privado para que pudiera estudiar en su idioma materno.<\/p>\n<p><strong><a href=\"http:\/\/www.elmundo.es\/elmundo\/2008\/07\/10\/espana\/1215681282.html\">Puedes adherirte al manifiesto a trav\u00e9s de esta p\u00e1gina.<br \/>\n<\/a><\/strong><br \/>\n<strong>Tambi\u00e9n se puede firmar <a href=\"https:\/\/www.upyd.es\/modulo-web\/index.php?section=recogida_firmas\">en la web del partido de Rosa D\u00edez UPD<\/a><\/strong><\/p>\n<p>Algunos no entienden que significa la palabra libertad.<\/p>\n<p><img decoding=\"async\" class=\"aligncenter\" src=\"http:\/\/aula21.net\/aulablog21\/wp-content\/uploads\/2008\/07\/loqueyodigo.jpg\" alt=\"\" \/><\/p>\n<p>Podr\u00edan tambi\u00e9n consultar el tema con los principales interesados y posibles perjudicados.<\/p>\n<p><img decoding=\"async\" class=\"aligncenter\" src=\"http:\/\/aula21.net\/aulablog21\/wp-content\/uploads\/2008\/07\/educacion2bien.jpg\" alt=\"\" \/><\/p>\n<p>La ley de Educaci\u00f3n de Catalu\u00f1a traer\u00e1 pol\u00e9mica.<\/p>\n<p><img loading=\"lazy\" decoding=\"async\" src=\"http:\/\/aula21.net\/aulablog21\/wp-content\/uploads\/2008\/07\/finlandia_educacion-full1.jpg\" alt=\"\" width=\"483\" height=\"273\" \/><\/p>\n","protected":false},"excerpt":{"rendered":"<p>He firmado el manifiesto por una lengua com\u00fan, creo que todo lo que dice es de sentido com\u00fan y de justicia. El primer punto es de una claridad meridiana. 1. La lengua castellana es COMUN Y OFICIAL a todo el territorio nacional, siendo la \u00fanica cuya comprensi\u00f3n puede serle supuesta a cualquier efecto a todos [&hellip;]<\/p>\n","protected":false},"author":1,"featured_media":0,"comment_status":"closed","ping_status":"closed","sticky":false,"template":"","format":"standard","meta":{"footnotes":""},"categories":[7,23],"tags":[],"class_list":["post-1768","post","type-post","status-publish","format-standard","hentry","category-personal","category-sociedad"],"_links":{"self":[{"href":"http:\/\/aula21.net\/aulablog21\/wp-json\/wp\/v2\/posts\/1768","targetHints":{"allow":["GET"]}}],"collection":[{"href":"http:\/\/aula21.net\/aulablog21\/wp-json\/wp\/v2\/posts"}],"about":[{"href":"http:\/\/aula21.net\/aulablog21\/wp-json\/wp\/v2\/types\/post"}],"author":[{"embeddable":true,"href":"http:\/\/aula21.net\/aulablog21\/wp-json\/wp\/v2\/users\/1"}],"replies":[{"embeddable":true,"href":"http:\/\/aula21.net\/aulablog21\/wp-json\/wp\/v2\/comments?post=1768"}],"version-history":[{"count":0,"href":"http:\/\/aula21.net\/aulablog21\/wp-json\/wp\/v2\/posts\/1768\/revisions"}],"wp:attachment":[{"href":"http:\/\/aula21.net\/aulablog21\/wp-json\/wp\/v2\/media?parent=1768"}],"wp:term":[{"taxonomy":"category","embeddable":true,"href":"http:\/\/aula21.net\/aulablog21\/wp-json\/wp\/v2\/categories?post=1768"},{"taxonomy":"post_tag","embeddable":true,"href":"http:\/\/aula21.net\/aulablog21\/wp-json\/wp\/v2\/tags?post=1768"}],"curies":[{"name":"wp","href":"https:\/\/api.w.org\/{rel}","templated":true}]}}