{"id":180,"date":"2005-01-31T21:19:54","date_gmt":"2005-01-31T20:19:54","guid":{"rendered":"http:\/\/127.0.0.1\/wordpress2\/index.php\/archives\/2005\/01\/31\/hoy-nace-aulablogcom\/"},"modified":"2006-03-25T12:05:41","modified_gmt":"2006-03-25T11:05:41","slug":"hoy-nace-aulablogcom","status":"publish","type":"post","link":"http:\/\/aula21.net\/aulablog21\/archives\/2005\/01\/31\/hoy-nace-aulablogcom\/","title":{"rendered":"Hoy nace aulablog.com"},"content":{"rendered":"<p>Hoy nace una ilusi\u00f3n.<br \/>Desde el <a href=\"\/aulablog21\/foro.php\">Foro de aulablog21<\/a>\u00a0comenz\u00f3 a gestarse\u00a0el pasado 5 de Enero una fascinante\u00a0propuesta de mi admirado <a href=\"http:\/\/www.oreintaeduc.com\/\">Luis Barriocanal<\/a>\u00a0, nada m\u00e1s y nada menos que \u00a0la creaci\u00f3n de una bit\u00e1cora colaborativa en la que\u00a0 varios\u00a0 profesores\u00a0 publicaremos contenidos sobre distintas cuestiones al estilo de: <br \/><a href=\"http:\/\/weblog.educ.ar\/sociedad-informacion\/\" target=\"_blank\">http:\/\/weblog.educ.ar\/sociedad-informacion\/<\/a> o de <a href=\"http:\/\/weblog.educ.ar\/docentes\/\" target=\"_new\">http:\/\/weblog.educ.ar\/docentes\/<\/a> . En su mensaje dec\u00eda:<\/p>\n<p><em>Se tratar\u00eda de crear una web tem\u00e1tica sobre el uso educativo de los Blogs con contribuciones de diferentes personas y con la posibilidad de debatir, opinar y preguntar.. <br \/>Ser\u00eda un lugar de encuentro para todos los educadores interesados en este mundillo, que cada vez son m\u00e1s. El n\u00famero aumentar\u00eda si nuestra idea tiene \u00e9xito y se convierte, como cabr\u00eda esperar, en un referente al menos a nivel nacional. <br \/>Se podr\u00edan colgar tutoriales, enlaces a servicios para la creaci\u00f3n de Blogs, posts sobre experiencias<\/em> con <em>los blogs en el aula, herramientas y trucos de los que t\u00fa hablas en aulablog, un foro de consultas para poder dar soporte t\u00e9cnico a los principiantes, etc.<\/em> <\/p>\n<p>La idea fu\u00e9 tomando forma en el foro y tengo el placer de anunciarles que\u00a0hoy nace <a href=\"http:\/\/www.aulablog.com\/\">aulablog.com<\/a> (a\u00fan sin contenidos) de momento ya tenemos el dominio y el servidor. La herramienta elegida para hacer el multiblog ha sido <a href=\"http:\/\/b2evolution.net\/\">b2evolution<\/a>\u00a0(multiusuario, multibitacora), la bitacora pricipal en el index recoger\u00e1 los post de todas las bitacoras. Adem\u00e1s tenemos pensado incorporarle\u00a0un agregador que mostrar\u00eda las entradas de los blogs de gente que no escribe sus art\u00edculos directamente en un blog de aulablog.com, algo as\u00ed como un canal de noticias relacionadas con el uso de los blogs en el \u00e1mbito educativo.<br \/>De momento somos 9 los socios fundadores , una cuadrilla de lujo formada por los prestigiosos\u00a0matadores&#8230;<\/p>\n<blockquote>\n<ul>\n<li>Luis Barriocanal Cantoral\u00a0 <a href=\"http:\/\/www.orientaeduc.com\/\" target=\"_blank\">www.orientaeduc.com<\/a> <a href=\"http:\/\/www.orientasiloe.com\/\" target=\"_blank\">www.orientasiloe.com<\/a> de Burgos<\/li>\n<li>Jos\u00e9 Cuerva Moreno <a href=\"http:\/\/www.iesmariademolina.org\/blog\/\" target=\"_blank\">http:\/\/www.iesmariademolina.org\/blog\/<\/a> de Madrid.<\/li>\n<li>Carlos E. Santos Mato <a href=\"http:\/\/sekeirox.blogia.com\/\" target=\"_blank\">http:\/\/sekeirox.blogia.com<\/a>\u00a0 Centro de Tecnolox\u00edas para a Aprendizaxe (CeTA) Universidade de Santiago de Compostela .<\/li>\n<li>Alejandro Valero Fern\u00e1ndez\u00a0 <a href=\"http:\/\/fresno.cnice.mecd.es\/~avaler3\/\" target=\"_blank\">P\u00e1ginas dispersas<\/a>\u00a0Profesor del IES Mar\u00eda Guerrero, de Collado Villalba (Madrid)<\/li>\n<li>Miguel Santa Olalla Tovar\u00a0 yDaniel Primo Gorgoso <a href=\"http:\/\/www.boulesis.com\/\">Boulesis.com<\/a>\u00a0de Valladolid.<\/li>\n<li>An\u00edbal de la Torre Espejo <a href=\"http:\/\/www.adelat.org\/\" target=\"_blank\">http:\/\/www.adelat.org<\/a> de Palma del Rio ( C\u00f3rdoba)<\/li>\n<li>Domingo M\u00e9ndez L\u00f3pez\u00a0 <a href=\"http:\/\/domingomendez.blogspot.com\/\" target=\"_new\">http:\/\/domingomendez.blogspot.com <\/a>, <a href=\"http:\/\/www.colegio-jaimebalmes.com\/webquest\" target=\"_new\">http:\/\/www.colegio-jaimebalmes.com\/webquest <\/a>de Cieza ( Murcia)<\/li>\n<\/ul>\n<p>Esto puede ser el comienzo de algo grande que impulse el uso de los blogs en el \u00e1mbito educativo, vamos a demostrar a toda\u00a0el mundo\u00a0como con la ilusi\u00f3n y las ganas\u00a0de nueve personas ( de momento) trabajando en la distancia se pueden lograr mejorar la eduaci\u00f3n en TIC de profesores y alumnos.<\/p>\n<p>Que tomen nota las autoridades educativas, no se precisan grandes inversiones para mejorar la educaci\u00f3n nosotros llevamos gastados 13,90 euros y muchas horas no remuneradas que damos por bien invertidas.<br \/>No nos vendr\u00eda mal que nos dieran el 0.7% de lo que se gastan en darse autobombo para conseguir tan pobres resultados&#8230;.<\/p>\n<p \/>\n<p \/>\n<p \/>\n<p \/>\n<p \/>\n<p \/>\n<p \/>\n<p \/>\n<p \/>\n<p \/>\n<p \/>\n<p \/>\n<p \/>\n<p \/>\n<p \/>\n<p \/>\n<p \/>\n<\/p>\n<\/p>\n<\/p>\n<\/p>\n<\/p>\n<\/p>\n<\/p>\n<\/p>\n<\/blockquote>\n","protected":false},"excerpt":{"rendered":"<p>Hoy nace una ilusi\u00f3n.Desde el Foro de aulablog21\u00a0comenz\u00f3 a gestarse\u00a0el pasado 5 de Enero una fascinante\u00a0propuesta de mi admirado Luis Barriocanal\u00a0, nada m\u00e1s y nada menos que \u00a0la creaci\u00f3n de una bit\u00e1cora colaborativa en la que\u00a0 varios\u00a0 profesores\u00a0 publicaremos contenidos sobre distintas cuestiones al estilo de: http:\/\/weblog.educ.ar\/sociedad-informacion\/ o de http:\/\/weblog.educ.ar\/docentes\/ . En su mensaje dec\u00eda: [&hellip;]<\/p>\n","protected":false},"author":1,"featured_media":0,"comment_status":"closed","ping_status":"closed","sticky":false,"template":"","format":"standard","meta":{"footnotes":""},"categories":[8,1,2],"tags":[],"class_list":["post-180","post","type-post","status-publish","format-standard","hentry","category-educacion_e_internet","category-miscelanea","category-weblogs_en_el_aula"],"_links":{"self":[{"href":"http:\/\/aula21.net\/aulablog21\/wp-json\/wp\/v2\/posts\/180","targetHints":{"allow":["GET"]}}],"collection":[{"href":"http:\/\/aula21.net\/aulablog21\/wp-json\/wp\/v2\/posts"}],"about":[{"href":"http:\/\/aula21.net\/aulablog21\/wp-json\/wp\/v2\/types\/post"}],"author":[{"embeddable":true,"href":"http:\/\/aula21.net\/aulablog21\/wp-json\/wp\/v2\/users\/1"}],"replies":[{"embeddable":true,"href":"http:\/\/aula21.net\/aulablog21\/wp-json\/wp\/v2\/comments?post=180"}],"version-history":[{"count":0,"href":"http:\/\/aula21.net\/aulablog21\/wp-json\/wp\/v2\/posts\/180\/revisions"}],"wp:attachment":[{"href":"http:\/\/aula21.net\/aulablog21\/wp-json\/wp\/v2\/media?parent=180"}],"wp:term":[{"taxonomy":"category","embeddable":true,"href":"http:\/\/aula21.net\/aulablog21\/wp-json\/wp\/v2\/categories?post=180"},{"taxonomy":"post_tag","embeddable":true,"href":"http:\/\/aula21.net\/aulablog21\/wp-json\/wp\/v2\/tags?post=180"}],"curies":[{"name":"wp","href":"https:\/\/api.w.org\/{rel}","templated":true}]}}