{"id":182,"date":"2005-02-01T17:18:21","date_gmt":"2005-02-01T16:18:21","guid":{"rendered":"http:\/\/127.0.0.1\/wordpress2\/index.php\/archives\/2005\/02\/01\/el-progreso\/"},"modified":"2005-02-04T21:29:27","modified_gmt":"2005-02-04T20:29:27","slug":"el-progreso","status":"publish","type":"post","link":"http:\/\/aula21.net\/aulablog21\/archives\/2005\/02\/01\/el-progreso\/","title":{"rendered":"El progreso"},"content":{"rendered":"<p>\u00a0<\/p>\n<p>Aparece hoy en <a href=\"http:\/\/www.elperiodicoextremadura.com\/\" target=\"_blank\">El peri\u00f3dico Extremadura<\/a> <a href=\"http:\/\/www.elperiodicoextremadura.com\/noticias\/noticia.asp?pkid=154921\">un art\u00edculo firmado por Luz Rueda<\/a> titulado <em>El progreso<\/em> que dice as\u00ed:<\/p>\n<p><em>El progreso era una promesa que siempre iba a llegar. Algo hermoso a la manera de los sue\u00f1os, que nos manten\u00eda &#8211;hablo de los extreme\u00f1os&#8211; expectantes e ilusionados. Han transcurrido m\u00e1s de veinte a\u00f1os y hemos pasado el tiempo esperando y admitiendo que mientras llegaba &#8211;no lo hac\u00eda porque alguien malvado le pon\u00eda trabas justo cuando iba camino de Extremadura&#8211;, qu\u00e9 suerte ten\u00edamos disfrutando de un aire limpio, un ambiente genial y una calidad de vida que ya quisieran para s\u00ed los habitantes de Madrid. Y eso sin hablar de nuestras fiestas y tradiciones, que hacen de la regi\u00f3n un destino tur\u00edstico inigualable. Hoy recogemos la cosecha de lo que hemos sembrado: por fin, el progreso. Ah\u00ed est\u00e1, que podemos tocarlo con estas manos y verlo con estos ojos&#8230;, aqu\u00ed mismo, el AVE, la televisi\u00f3n auton\u00f3mica, la refiner\u00eda, las infraestructuras, la banda ancha penetrando hasta lo m\u00e1s rec\u00f3ndito de las dehesas, el linex&#8230;Y lo que vendr\u00e1, porque la nueva consejer\u00eda consagrada al progreso &#8211;de infraestructuras y tecnolog\u00eda creo que se llama&#8211; capaz es de sacarse de la manga la descripci\u00f3n completa del genoma del cerdo ib\u00e9rico y su repercusi\u00f3n en los mercados, por ejemplo, o la aplicaci\u00f3n de la \u00faltima tecnolog\u00eda l\u00e1ser como paliativo al fracaso escolar o el uso de la resonancia magn\u00e9tica en la mejora de los precios agrarios. Todo puede esperarse de un consejero que ya ha demostrado con holgura su capacidad para llenar las aulas con monitores y cables o convertir al campus de la Uex en lo m\u00e1s parecido al de Berkeley, California, seg\u00fan declaraciones propias. Si hemos llegado a ser la preocupaci\u00f3n de Bill Gates en su anterior etapa al frente de Educaci\u00f3n, que vayan prepar\u00e1ndose ahora los investigadores del genoma humano, los de la vacuna contra el sida y hasta los del airb\u00fas, que vamos a revolucionar investigaci\u00f3n y tecnolog\u00edas. Y esta irrupci\u00f3n masiva de progreso a la extreme\u00f1a debemos agradec\u00e9rselo a gobernantes y representantes regionales en exclusiva, que tantos desvelos han derrochado. Al menos, as\u00ed lo opinamos y aplaudimos la mayor\u00eda. <\/em><\/p>\n<p><em>&#8230;Bueno, casi la mayor\u00eda, porque, mi amiga Pepi &#8211;y alg\u00fan esc\u00e9ptico o cr\u00edtico m\u00e1s&#8211; tiene dudas al respecto y eso que ha sido ella quien ha propuesto el tema. Lee lo anterior y me dice: <\/em><\/p>\n<p><em>&#8211;Cari\u00f1o, a m\u00ed no me parece tan simple. El progreso requiere cultura y tradici\u00f3n adem\u00e1s de formaci\u00f3n, tes\u00f3n, voluntad y trabajo compartidos por la poblaci\u00f3n y los individuos, no solo declaraciones, fondos p\u00fablicos, subvenciones y directores bien pagados. Es un itinerario, no un hecho o una fe. Asoma y va siendo presencia de forma gradual, como una escalera, haci\u00e9ndose patente y poderoso con cada pelda\u00f1o avanzado. Recorre etapas y una sirve de apoyo a la siguiente. Las tecnolog\u00edas son herramientas que de nada sirven aisladas o sin objetivos. Ah\u00ed tienes a los ordenadores envejeciendo en la escuela mientras fracasan los escolares y continuamos con el menor \u00edndice de informatizaci\u00f3n social del pa\u00eds. \u00a1Ay, cari\u00f1o, el progreso no irrumpe de la nada como las apariciones! Ni la tele ni el AVE son progreso en s\u00ed mismos. A m\u00ed me gusta la tele, ya lo creo, y me gustan los programas de aqu\u00ed como aquello tan bonito del lince con botas, cuando telesur, que sal\u00edan todos los pueblos y sus fiestas&#8230;Y el AVE, claro que me gusta, para ir a Madrid en un plis plas, pero&#8230; tengo dudas, ya te lo he dicho. A\u00fan as\u00ed, mantengo la esperanza de que sirva para algo m\u00e1s que lo avanzado hasta ahora y no se limite al advenimiento de un veh\u00edculo ultrarr\u00e1pido pero repleto de viajeros disfrazados de jarramplases, caranto\u00f1as, encamisaos o peropalos a los que siguen tirando nabos y tomates y mostrando como fen\u00f3menos de feria o vestigios del pasado con su burro y todo&#8230;T\u00fa me entiendes, \u00bfno? <\/em><\/p>\n<p \/>\n","protected":false},"excerpt":{"rendered":"<p>\u00a0 Aparece hoy en El peri\u00f3dico Extremadura un art\u00edculo firmado por Luz Rueda titulado El progreso que dice as\u00ed: El progreso era una promesa que siempre iba a llegar. Algo hermoso a la manera de los sue\u00f1os, que nos manten\u00eda &#8211;hablo de los extreme\u00f1os&#8211; expectantes e ilusionados. Han transcurrido m\u00e1s de veinte a\u00f1os y hemos [&hellip;]<\/p>\n","protected":false},"author":1,"featured_media":0,"comment_status":"open","ping_status":"open","sticky":false,"template":"","format":"standard","meta":{"footnotes":""},"categories":[1],"tags":[],"class_list":["post-182","post","type-post","status-publish","format-standard","hentry","category-miscelanea"],"_links":{"self":[{"href":"http:\/\/aula21.net\/aulablog21\/wp-json\/wp\/v2\/posts\/182","targetHints":{"allow":["GET"]}}],"collection":[{"href":"http:\/\/aula21.net\/aulablog21\/wp-json\/wp\/v2\/posts"}],"about":[{"href":"http:\/\/aula21.net\/aulablog21\/wp-json\/wp\/v2\/types\/post"}],"author":[{"embeddable":true,"href":"http:\/\/aula21.net\/aulablog21\/wp-json\/wp\/v2\/users\/1"}],"replies":[{"embeddable":true,"href":"http:\/\/aula21.net\/aulablog21\/wp-json\/wp\/v2\/comments?post=182"}],"version-history":[{"count":0,"href":"http:\/\/aula21.net\/aulablog21\/wp-json\/wp\/v2\/posts\/182\/revisions"}],"wp:attachment":[{"href":"http:\/\/aula21.net\/aulablog21\/wp-json\/wp\/v2\/media?parent=182"}],"wp:term":[{"taxonomy":"category","embeddable":true,"href":"http:\/\/aula21.net\/aulablog21\/wp-json\/wp\/v2\/categories?post=182"},{"taxonomy":"post_tag","embeddable":true,"href":"http:\/\/aula21.net\/aulablog21\/wp-json\/wp\/v2\/tags?post=182"}],"curies":[{"name":"wp","href":"https:\/\/api.w.org\/{rel}","templated":true}]}}