{"id":1829,"date":"2008-09-04T15:22:13","date_gmt":"2008-09-04T14:22:13","guid":{"rendered":"http:\/\/aula21.net\/aulablog21\/?p=1829"},"modified":"2008-09-04T15:22:13","modified_gmt":"2008-09-04T14:22:13","slug":"informe-sobre-el-fracaso-escolar-en-espana","status":"publish","type":"post","link":"http:\/\/aula21.net\/aulablog21\/archives\/2008\/09\/04\/informe-sobre-el-fracaso-escolar-en-espana\/","title":{"rendered":"Informe sobre el fracaso escolar en Espa\u00f1a"},"content":{"rendered":"<p><span class=\"txtng15_georgia\">El fracaso escolar vuelve a estar descontrolado. A pesar de ser la piedra de toque de la calidad del sistema, a pesar de ser el origen de los p\u00e9simos resultados espa\u00f1oles en los indicadores de Lisboa 2010 (abandono educativo temprano y nivel educativo de los j\u00f3venes), a pesar de que afecta a m\u00e1s de 135.000 chavales todos los a\u00f1os, a pesar de dos reformas en cuatro a\u00f1os y a pesar de que todos los partidos con gobierno en alguna comunidad consideran prioritaria la Educaci\u00f3n, la realidad es esta: el fracaso escolar alcanza la cifra del 30,8%, ha crecido 4,2 puntos desde 2000 y 2,3 puntos tan s\u00f3lo en los dos \u00faltimos a\u00f1os.<\/span><\/p>\n<p><a href=\"http:\/\/www.magisnet.com\/articulos.asp?idarticulo=3547\">Leer art\u00edculo completo en Magisnet<\/a><\/p>\n","protected":false},"excerpt":{"rendered":"<p>El fracaso escolar vuelve a estar descontrolado. A pesar de ser la piedra de toque de la calidad del sistema, a pesar de ser el origen de los p\u00e9simos resultados espa\u00f1oles en los indicadores de Lisboa 2010 (abandono educativo temprano y nivel educativo de los j\u00f3venes), a pesar de que afecta a m\u00e1s de 135.000 [&hellip;]<\/p>\n","protected":false},"author":1,"featured_media":0,"comment_status":"open","ping_status":"open","sticky":false,"template":"","format":"standard","meta":{"footnotes":""},"categories":[17,19],"tags":[],"class_list":["post-1829","post","type-post","status-publish","format-standard","hentry","category-articulos","category-educacion"],"_links":{"self":[{"href":"http:\/\/aula21.net\/aulablog21\/wp-json\/wp\/v2\/posts\/1829","targetHints":{"allow":["GET"]}}],"collection":[{"href":"http:\/\/aula21.net\/aulablog21\/wp-json\/wp\/v2\/posts"}],"about":[{"href":"http:\/\/aula21.net\/aulablog21\/wp-json\/wp\/v2\/types\/post"}],"author":[{"embeddable":true,"href":"http:\/\/aula21.net\/aulablog21\/wp-json\/wp\/v2\/users\/1"}],"replies":[{"embeddable":true,"href":"http:\/\/aula21.net\/aulablog21\/wp-json\/wp\/v2\/comments?post=1829"}],"version-history":[{"count":0,"href":"http:\/\/aula21.net\/aulablog21\/wp-json\/wp\/v2\/posts\/1829\/revisions"}],"wp:attachment":[{"href":"http:\/\/aula21.net\/aulablog21\/wp-json\/wp\/v2\/media?parent=1829"}],"wp:term":[{"taxonomy":"category","embeddable":true,"href":"http:\/\/aula21.net\/aulablog21\/wp-json\/wp\/v2\/categories?post=1829"},{"taxonomy":"post_tag","embeddable":true,"href":"http:\/\/aula21.net\/aulablog21\/wp-json\/wp\/v2\/tags?post=1829"}],"curies":[{"name":"wp","href":"https:\/\/api.w.org\/{rel}","templated":true}]}}