{"id":1835,"date":"2008-09-11T15:26:13","date_gmt":"2008-09-11T14:26:13","guid":{"rendered":"http:\/\/aula21.net\/aulablog21\/?p=1835"},"modified":"2008-09-11T15:34:08","modified_gmt":"2008-09-11T14:34:08","slug":"una-horita-lectiva-sin-alumnos","status":"publish","type":"post","link":"http:\/\/aula21.net\/aulablog21\/archives\/2008\/09\/11\/una-horita-lectiva-sin-alumnos\/","title":{"rendered":"Una horita lectiva sin alumnos"},"content":{"rendered":"<p>Una de las novedades del nuevo Bachillerato es la desaparici\u00f3n de la hora de tutor\u00eda. Sin embargo dicha hora tendr\u00e1 la consideraci\u00f3n de lectiva para los profesores.<\/p>\n<p>Veamos que dice <a href=\"http:\/\/buscon.rae.es\/draeI\/SrvltConsulta?TIPO_BUS=3&amp;LEMA=lectivo\">el diccionario de la RAE al respecto<\/a>.<\/p>\n<blockquote><p><strong>lectivo<\/strong><span class=\"eGenero\"><strong>, va<\/strong><\/span> (<a>Del<\/a> <a title=\"lat\u00edn, latino o latina\">lat.<\/a> <em>lectum<\/em><span class=\"eEtimo\">, <a>supino de<\/a> <em>leg\u0115re<\/em>, leer,<\/span><span class=\"eEtimo\"> e <em>-ivo<\/em>).<\/span><\/p>\n<p style=\"margin-left: 2em; margin-bottom: -0.5em;\"><a name=\"0_1\"><\/a><span class=\"eOrdenAcepLema\"><strong> 1. <\/strong><\/span><span class=\"eAbrv\"> <span class=\"eAbrv\" title=\"adjetivo\">adj.<\/span><\/span><span class=\"eAcep\"> Dicho de un per\u00edodo de tiempo: Destinado para dar lecci\u00f3n en los establecimientos de ense\u00f1anza.<\/span><\/p>\n<\/blockquote>\n<p>Las autoridades acad\u00e9micas del MEC y comunidades aut\u00f3nomas han vuelto a rizar el rizo y se han inventado la hora lectiva sin alumnos, imagino que los tutores estar\u00e1n encantados pero no lo deben estar tanto los orientadores, los padres de los alumnos y los propios alumnos.<\/p>\n<p>Esperemos que el tema sea aclarado por las autoridades y los tutores atiendan individualmente a los alumnos en horas \u00abno lectivas\u00bb.<\/p>\n<p>El a\u00f1o que viene imagino que desaparecer\u00e1 la tutor\u00eda en el nuevo 2\u00ba de Bachillerato a\u00f1o tan transcendente para que los alumnos sean asesorados a la hora de dise\u00f1ar adecuadamente su futuro.<\/p>\n<p>Sin orientaci\u00f3n alguna dudo que los alumnos sepan utilizar adecuadamente una de las medidas m\u00e1s pol\u00e9micas del nuevo bachillerato, me refiero a la posibilidad que aquellos que suspendan tres o cuatro materias de repetir 1\u00ba entero, o s\u00f3lo en las que han fallado, completando el curso con tres materias de 2\u00ba.<\/p>\n<p>Lu\u00eds Barriocanal es el \u00fanico orientador, de los que conozco, que hasta la fecha se ha quejado p\u00fablicamente de la desaparici\u00f3n de la tutor\u00eda en el art\u00edculo<a href=\"http:\/\/www.copoe.org\/node\/434\"> La tutor\u00eda no tiene quien la defienda<\/a>.<\/p>\n<blockquote><p>En estos tiempos en los que incluso las universidades est\u00e1n tomando conciencia de la importancia de tutor\u00eda y la orientaci\u00f3n como un factor de calidad de la ense\u00f1anza y como una de las v\u00edas de intervenci\u00f3n fundamentales para reducir sus altas tasas de fracaso y abandono, las administraciones responsables de la educaci\u00f3n no universitaria, con el ministerio a la cabeza, se cargan de un plumazo la hora semanal de tutor\u00eda. Seguir\u00e1 existiendo, eso s\u00ed, un tutor o tutora, o incluso dos por cada grupo de alumnos, que deber\u00e1 desarrollar las mismas funciones que hasta ahora pero sin disponer de un tiempo ni un espacio espec\u00edfico para el encuentro con sus tutorados.<\/p><\/blockquote>\n","protected":false},"excerpt":{"rendered":"<p>Una de las novedades del nuevo Bachillerato es la desaparici\u00f3n de la hora de tutor\u00eda. Sin embargo dicha hora tendr\u00e1 la consideraci\u00f3n de lectiva para los profesores. Veamos que dice el diccionario de la RAE al respecto. lectivo, va (Del lat. lectum, supino de leg\u0115re, leer, e -ivo). 1. adj. Dicho de un per\u00edodo de [&hellip;]<\/p>\n","protected":false},"author":1,"featured_media":0,"comment_status":"open","ping_status":"open","sticky":false,"template":"","format":"standard","meta":{"footnotes":""},"categories":[17,19,7],"tags":[],"class_list":["post-1835","post","type-post","status-publish","format-standard","hentry","category-articulos","category-educacion","category-personal"],"_links":{"self":[{"href":"http:\/\/aula21.net\/aulablog21\/wp-json\/wp\/v2\/posts\/1835","targetHints":{"allow":["GET"]}}],"collection":[{"href":"http:\/\/aula21.net\/aulablog21\/wp-json\/wp\/v2\/posts"}],"about":[{"href":"http:\/\/aula21.net\/aulablog21\/wp-json\/wp\/v2\/types\/post"}],"author":[{"embeddable":true,"href":"http:\/\/aula21.net\/aulablog21\/wp-json\/wp\/v2\/users\/1"}],"replies":[{"embeddable":true,"href":"http:\/\/aula21.net\/aulablog21\/wp-json\/wp\/v2\/comments?post=1835"}],"version-history":[{"count":0,"href":"http:\/\/aula21.net\/aulablog21\/wp-json\/wp\/v2\/posts\/1835\/revisions"}],"wp:attachment":[{"href":"http:\/\/aula21.net\/aulablog21\/wp-json\/wp\/v2\/media?parent=1835"}],"wp:term":[{"taxonomy":"category","embeddable":true,"href":"http:\/\/aula21.net\/aulablog21\/wp-json\/wp\/v2\/categories?post=1835"},{"taxonomy":"post_tag","embeddable":true,"href":"http:\/\/aula21.net\/aulablog21\/wp-json\/wp\/v2\/tags?post=1835"}],"curies":[{"name":"wp","href":"https:\/\/api.w.org\/{rel}","templated":true}]}}