{"id":1837,"date":"2008-09-11T20:32:03","date_gmt":"2008-09-11T19:32:03","guid":{"rendered":"http:\/\/aula21.net\/aulablog21\/?p=1837"},"modified":"2008-09-11T20:32:03","modified_gmt":"2008-09-11T19:32:03","slug":"un-27-de-los-ninos-espanoles-siente-soledad-en-su-casa","status":"publish","type":"post","link":"http:\/\/aula21.net\/aulablog21\/archives\/2008\/09\/11\/un-27-de-los-ninos-espanoles-siente-soledad-en-su-casa\/","title":{"rendered":"Un 27% de los ni\u00f1os espa\u00f1oles siente soledad en su casa"},"content":{"rendered":"<p>Un 27% de los ni\u00f1os espa\u00f1oles siente soledad en su casa, seg\u00fan la <strong><em>\u2018Encuesta de Infancia en Espa\u00f1a 2008\u2019<\/em><\/strong>, elaborada por los autores <strong>Fernando Vidal<\/strong> y <strong>Rosal\u00eda Mota<\/strong>, y que ha sido presentada hoy en Madrid por la <a href=\"http:\/\/www.fundacion-sm.com\/ver_seccionFija.aspx?id=2\">Fundaci\u00f3n SM<\/a>, la <a href=\"http:\/\/www.upcomillas.es\/\">Universidad Pontificia Comillas-ICAI-ICADE<\/a> y el <a href=\"http:\/\/www.accioncatolicageneral.es\/index.php?option=com_content&amp;task=view&amp;id=23&amp;Itemid=38\">Movimiento Junior AC<\/a>.<\/p>\n<ul>\n<li>Para Fernando Vidal, coautor del estudio junto a Rosal\u00eda Mota, la tendencia refleja el cambio \u201cde ni\u00f1os mediterr\u00e1neos a ni\u00f1os anglosajones\u201d que conlleva\u00a0 \u201cun riesgo social de aislamiento\u201d<\/li>\n<li>La encuesta desvela que la mayor\u00eda de los ni\u00f1os son lectores, deportistas, religiosos, participativos y solidarios.<\/li>\n<\/ul>\n<p>Este estudio sobre la situaci\u00f3n de la infancia en Espa\u00f1a desvela, en cuanto a conciliaci\u00f3n familiar, que el 17% de los ni\u00f1os est\u00e1n solos toda la tarde; un 20% no tienen a su padre a la hora de cenar, y un 3% no tiene a ninguno de sus progenitores para cenar. Adem\u00e1s, 150.000 ni\u00f1os entre 6 y 14 a\u00f1os sufren incomunicaci\u00f3n extrema en casa, seg\u00fan esta encuesta.<a href=\"http:\/\/prensa.grupo-sm.com\/2008\/09\/la-fundacin-sm.html\"><\/a><\/p>\n<p><a href=\"http:\/\/prensa.grupo-sm.com\/2008\/09\/la-fundacin-sm.html\">Seguir leyendo<\/a><br \/>\n<a href=\"http:\/\/www.elpais.com\/elpaismedia\/ultimahora\/media\/200809\/11\/cultura\/20080911elpepucul_1_Pes_PDF.doc\">Infancia en Espa\u00f1a 2008<\/a> DOCUMENTO (PDF &#8211; 9,83Mb) &#8211; 11-09-2008<\/p>\n","protected":false},"excerpt":{"rendered":"<p>Un 27% de los ni\u00f1os espa\u00f1oles siente soledad en su casa, seg\u00fan la \u2018Encuesta de Infancia en Espa\u00f1a 2008\u2019, elaborada por los autores Fernando Vidal y Rosal\u00eda Mota, y que ha sido presentada hoy en Madrid por la Fundaci\u00f3n SM, la Universidad Pontificia Comillas-ICAI-ICADE y el Movimiento Junior AC. Para Fernando Vidal, coautor del estudio [&hellip;]<\/p>\n","protected":false},"author":1,"featured_media":0,"comment_status":"open","ping_status":"open","sticky":false,"template":"","format":"standard","meta":{"footnotes":""},"categories":[17,19,23],"tags":[],"class_list":["post-1837","post","type-post","status-publish","format-standard","hentry","category-articulos","category-educacion","category-sociedad"],"_links":{"self":[{"href":"http:\/\/aula21.net\/aulablog21\/wp-json\/wp\/v2\/posts\/1837","targetHints":{"allow":["GET"]}}],"collection":[{"href":"http:\/\/aula21.net\/aulablog21\/wp-json\/wp\/v2\/posts"}],"about":[{"href":"http:\/\/aula21.net\/aulablog21\/wp-json\/wp\/v2\/types\/post"}],"author":[{"embeddable":true,"href":"http:\/\/aula21.net\/aulablog21\/wp-json\/wp\/v2\/users\/1"}],"replies":[{"embeddable":true,"href":"http:\/\/aula21.net\/aulablog21\/wp-json\/wp\/v2\/comments?post=1837"}],"version-history":[{"count":0,"href":"http:\/\/aula21.net\/aulablog21\/wp-json\/wp\/v2\/posts\/1837\/revisions"}],"wp:attachment":[{"href":"http:\/\/aula21.net\/aulablog21\/wp-json\/wp\/v2\/media?parent=1837"}],"wp:term":[{"taxonomy":"category","embeddable":true,"href":"http:\/\/aula21.net\/aulablog21\/wp-json\/wp\/v2\/categories?post=1837"},{"taxonomy":"post_tag","embeddable":true,"href":"http:\/\/aula21.net\/aulablog21\/wp-json\/wp\/v2\/tags?post=1837"}],"curies":[{"name":"wp","href":"https:\/\/api.w.org\/{rel}","templated":true}]}}