{"id":1848,"date":"2008-09-26T17:31:32","date_gmt":"2008-09-26T16:31:32","guid":{"rendered":"http:\/\/aula21.net\/aulablog21\/?p=1848"},"modified":"2008-09-26T17:35:56","modified_gmt":"2008-09-26T16:35:56","slug":"ministra-de-heducacion","status":"publish","type":"post","link":"http:\/\/aula21.net\/aulablog21\/archives\/2008\/09\/26\/ministra-de-heducacion\/","title":{"rendered":"Ministra de Heducaci\u00f3n"},"content":{"rendered":"<p><img loading=\"lazy\" decoding=\"async\" class=\"alignleft\" style=\"float: left;\" src=\"http:\/\/aula21.net\/aulablog21\/wp-content\/uploads\/2008\/09\/ministraheducacion.png\" alt=\"\" width=\"399\" height=\"254\" \/>Gracias a<a href=\"http:\/\/www.concepcionabraira.info\/wp\/2008\/09\/26\/heducacion-iniciativa-para-la-mejora-del-sistema-educativo-espanol\/\"> Concepci\u00f3n Abraira<\/a> me entero de una iniciativa para mejorar el sistema educativo espa\u00f1ol del grupo editorial Random House Mondadori, <a href=\"http:\/\/www.heducacion.com\/home.php?goto=video\">en su p\u00e1gina puedes expresar tu opini\u00f3n<\/a> y hacer sugerencias sobre el sistema educativo en Espa\u00f1a.<\/p>\n<p>Muy bueno el v\u00eddeo de presentaci\u00f3n de la Ministra recibiendo la cartera del Ministerio de Heducaci\u00f3n.<\/p>\n","protected":false},"excerpt":{"rendered":"<p>Gracias a Concepci\u00f3n Abraira me entero de una iniciativa para mejorar el sistema educativo espa\u00f1ol del grupo editorial Random House Mondadori, en su p\u00e1gina puedes expresar tu opini\u00f3n y hacer sugerencias sobre el sistema educativo en Espa\u00f1a. Muy bueno el v\u00eddeo de presentaci\u00f3n de la Ministra recibiendo la cartera del Ministerio de Heducaci\u00f3n.<\/p>\n","protected":false},"author":1,"featured_media":0,"comment_status":"open","ping_status":"open","sticky":false,"template":"","format":"standard","meta":{"footnotes":""},"categories":[19],"tags":[],"class_list":["post-1848","post","type-post","status-publish","format-standard","hentry","category-educacion"],"_links":{"self":[{"href":"http:\/\/aula21.net\/aulablog21\/wp-json\/wp\/v2\/posts\/1848","targetHints":{"allow":["GET"]}}],"collection":[{"href":"http:\/\/aula21.net\/aulablog21\/wp-json\/wp\/v2\/posts"}],"about":[{"href":"http:\/\/aula21.net\/aulablog21\/wp-json\/wp\/v2\/types\/post"}],"author":[{"embeddable":true,"href":"http:\/\/aula21.net\/aulablog21\/wp-json\/wp\/v2\/users\/1"}],"replies":[{"embeddable":true,"href":"http:\/\/aula21.net\/aulablog21\/wp-json\/wp\/v2\/comments?post=1848"}],"version-history":[{"count":0,"href":"http:\/\/aula21.net\/aulablog21\/wp-json\/wp\/v2\/posts\/1848\/revisions"}],"wp:attachment":[{"href":"http:\/\/aula21.net\/aulablog21\/wp-json\/wp\/v2\/media?parent=1848"}],"wp:term":[{"taxonomy":"category","embeddable":true,"href":"http:\/\/aula21.net\/aulablog21\/wp-json\/wp\/v2\/categories?post=1848"},{"taxonomy":"post_tag","embeddable":true,"href":"http:\/\/aula21.net\/aulablog21\/wp-json\/wp\/v2\/tags?post=1848"}],"curies":[{"name":"wp","href":"https:\/\/api.w.org\/{rel}","templated":true}]}}