{"id":1853,"date":"2008-10-02T15:37:35","date_gmt":"2008-10-02T14:37:35","guid":{"rendered":"http:\/\/aula21.net\/aulablog21\/?p=1853"},"modified":"2008-10-02T15:37:35","modified_gmt":"2008-10-02T14:37:35","slug":"jovenes-pero-insuficientemente-preparados","status":"publish","type":"post","link":"http:\/\/aula21.net\/aulablog21\/archives\/2008\/10\/02\/jovenes-pero-insuficientemente-preparados\/","title":{"rendered":"Jovenes pero insuficientemente preparados"},"content":{"rendered":"<p>Casi todo el mundo est\u00e1 de acuerdo con la afirmaci\u00f3n de que el sistema educativo no funciona pero seguimos ense\u00f1ando igual que el siglo pasado.<\/p>\n<p>Tenemos una escuela que premia el aprendizaje memor\u00edstico, que ense\u00f1a preguntas y respuestas ya elaboradas, los alumnos no preguntan, los profesores poco a poco van matando la curiosidad con sus respuestas prefabricadas, silencios y modos de impartir las clases.<br \/>\n<object classid=\"clsid:d27cdb6e-ae6d-11cf-96b8-444553540000\" width=\"425\" height=\"344\" codebase=\"http:\/\/download.macromedia.com\/pub\/shockwave\/cabs\/flash\/swflash.cab#version=6,0,40,0\"><param name=\"allowFullScreen\" value=\"true\" \/><param name=\"src\" value=\"http:\/\/www.youtube.com\/v\/Nf6oWOFyP3A&amp;color1=0xb1b1b1&amp;color2=0xcfcfcf&amp;hl=es&amp;fs=1\" \/><embed type=\"application\/x-shockwave-flash\" width=\"425\" height=\"344\" src=\"http:\/\/www.youtube.com\/v\/Nf6oWOFyP3A&amp;color1=0xb1b1b1&amp;color2=0xcfcfcf&amp;hl=es&amp;fs=1\" allowfullscreen=\"true\"><\/embed><\/object><\/p>\n<p>La sociedad demanda que formemos innovadores y formamos papagayos. El problema econ\u00f3mico de Espa\u00f1a no reside en la construcci\u00f3n ni en los bancos reside en que tenemos una generaci\u00f3n de estudiantes mal formada y carente de creatividad. La culpa es de los responsables pol\u00edticos de la educaci\u00f3n y de los aborragados docentes que no nos rebelamos.<\/p>\n<p>V\u00eddeo visto en el blog de <a href=\"http:\/\/www.cprlogrono.org\/asesor\/antonio\/wordpress\/?p=125\">Antonio Omatos<\/a><\/p>\n","protected":false},"excerpt":{"rendered":"<p>Casi todo el mundo est\u00e1 de acuerdo con la afirmaci\u00f3n de que el sistema educativo no funciona pero seguimos ense\u00f1ando igual que el siglo pasado. Tenemos una escuela que premia el aprendizaje memor\u00edstico, que ense\u00f1a preguntas y respuestas ya elaboradas, los alumnos no preguntan, los profesores poco a poco van matando la curiosidad con sus [&hellip;]<\/p>\n","protected":false},"author":1,"featured_media":0,"comment_status":"open","ping_status":"open","sticky":false,"template":"","format":"standard","meta":{"footnotes":""},"categories":[17,19,23],"tags":[],"class_list":["post-1853","post","type-post","status-publish","format-standard","hentry","category-articulos","category-educacion","category-sociedad"],"_links":{"self":[{"href":"http:\/\/aula21.net\/aulablog21\/wp-json\/wp\/v2\/posts\/1853","targetHints":{"allow":["GET"]}}],"collection":[{"href":"http:\/\/aula21.net\/aulablog21\/wp-json\/wp\/v2\/posts"}],"about":[{"href":"http:\/\/aula21.net\/aulablog21\/wp-json\/wp\/v2\/types\/post"}],"author":[{"embeddable":true,"href":"http:\/\/aula21.net\/aulablog21\/wp-json\/wp\/v2\/users\/1"}],"replies":[{"embeddable":true,"href":"http:\/\/aula21.net\/aulablog21\/wp-json\/wp\/v2\/comments?post=1853"}],"version-history":[{"count":0,"href":"http:\/\/aula21.net\/aulablog21\/wp-json\/wp\/v2\/posts\/1853\/revisions"}],"wp:attachment":[{"href":"http:\/\/aula21.net\/aulablog21\/wp-json\/wp\/v2\/media?parent=1853"}],"wp:term":[{"taxonomy":"category","embeddable":true,"href":"http:\/\/aula21.net\/aulablog21\/wp-json\/wp\/v2\/categories?post=1853"},{"taxonomy":"post_tag","embeddable":true,"href":"http:\/\/aula21.net\/aulablog21\/wp-json\/wp\/v2\/tags?post=1853"}],"curies":[{"name":"wp","href":"https:\/\/api.w.org\/{rel}","templated":true}]}}