{"id":1858,"date":"2008-10-08T20:58:46","date_gmt":"2008-10-08T19:58:46","guid":{"rendered":"http:\/\/aula21.net\/aulablog21\/?p=1858"},"modified":"2008-10-08T21:01:40","modified_gmt":"2008-10-08T20:01:40","slug":"nuevas-relaciones-de-genero-hombre-mujeres-y-cyborgs","status":"publish","type":"post","link":"http:\/\/aula21.net\/aulablog21\/archives\/2008\/10\/08\/nuevas-relaciones-de-genero-hombre-mujeres-y-cyborgs\/","title":{"rendered":"Nuevas relaciones de g\u00e9nero: hombre mujeres y cyborgs"},"content":{"rendered":"<p>Os muestro a continuaci\u00f3n una charla de mi amiga <a href=\"http:\/\/www.blogger.com\/profile\/00547946120002731474\">Ana Echarri<\/a> a la que tuve el gusto de cocnocer personalmente en la sede de Granada del <a href=\"http:\/\/www.congresointernetenelaula.es\/virtual\/?q=node\/338&#038;congreso=presencial\">Congreso Internet en el Aula<\/a> el pasado mes de Junio.<br \/>\n<a href=\"http:\/\/ettimologiia.blogspot.com\/\">Meli<\/a> y Ana celebrando en Granada el triunfo de Espa\u00f1a ante Rusia.<\/p>\n<table style=\"width:auto;\">\n<tr>\n<td><a href=\"http:\/\/picasaweb.google.com\/lh\/photo\/saiZF8vlNr2pcKBiTpNKeQ\"><img decoding=\"async\" src=\"http:\/\/lh3.ggpht.com\/aula21\/SGdubAFDAaI\/AAAAAAAAAeU\/RMkACxO-yzk\/s144\/DSC04220.JPG\" \/><\/a><\/td>\n<\/tr>\n<tr>\n<td style=\"font-family:arial,sans-serif; font-size:11px; text-align:right\">From <a href=\"http:\/\/picasaweb.google.com\/aula21\/PrimerCongresoInternetEnElAula\">Primer Congreso Internet en el aula.<\/a><\/td>\n<\/tr>\n<\/table>\n<p>La charla tuvo lugar en las III Jornadas de Formaci\u00f3n Docente en Igualdad de G\u00e9nero que se han celebrado este a\u00f1o en Matalasca\u00f1as (Huelva), Ana coordinadora tic del <a href=\"http:\/\/iesazahar.org\/\">IES Azahar de Sevilla<\/a> nos presenta con mucha gracia un novedoso tema: \u201cHombres, mujeres y cyborgs\u201c.<br \/>\n<embed id=\"VideoPlayback\" src=\"http:\/\/video.google.com\/googleplayer.swf?docid=5713730932937938350&#038;hl=es&#038;fs=true\" style=\"width:400px;height:326px\" allowFullScreen=\"true\" allowScriptAccess=\"always\" type=\"application\/x-shockwave-flash\"> <\/embed><\/p>\n","protected":false},"excerpt":{"rendered":"<p>Os muestro a continuaci\u00f3n una charla de mi amiga Ana Echarri a la que tuve el gusto de cocnocer personalmente en la sede de Granada del Congreso Internet en el Aula el pasado mes de Junio. Meli y Ana celebrando en Granada el triunfo de Espa\u00f1a ante Rusia. From Primer Congreso Internet en el aula. [&hellip;]<\/p>\n","protected":false},"author":1,"featured_media":0,"comment_status":"open","ping_status":"open","sticky":false,"template":"","format":"standard","meta":{"footnotes":""},"categories":[20,28],"tags":[],"class_list":["post-1858","post","type-post","status-publish","format-standard","hentry","category-video","category-web20"],"_links":{"self":[{"href":"http:\/\/aula21.net\/aulablog21\/wp-json\/wp\/v2\/posts\/1858","targetHints":{"allow":["GET"]}}],"collection":[{"href":"http:\/\/aula21.net\/aulablog21\/wp-json\/wp\/v2\/posts"}],"about":[{"href":"http:\/\/aula21.net\/aulablog21\/wp-json\/wp\/v2\/types\/post"}],"author":[{"embeddable":true,"href":"http:\/\/aula21.net\/aulablog21\/wp-json\/wp\/v2\/users\/1"}],"replies":[{"embeddable":true,"href":"http:\/\/aula21.net\/aulablog21\/wp-json\/wp\/v2\/comments?post=1858"}],"version-history":[{"count":0,"href":"http:\/\/aula21.net\/aulablog21\/wp-json\/wp\/v2\/posts\/1858\/revisions"}],"wp:attachment":[{"href":"http:\/\/aula21.net\/aulablog21\/wp-json\/wp\/v2\/media?parent=1858"}],"wp:term":[{"taxonomy":"category","embeddable":true,"href":"http:\/\/aula21.net\/aulablog21\/wp-json\/wp\/v2\/categories?post=1858"},{"taxonomy":"post_tag","embeddable":true,"href":"http:\/\/aula21.net\/aulablog21\/wp-json\/wp\/v2\/tags?post=1858"}],"curies":[{"name":"wp","href":"https:\/\/api.w.org\/{rel}","templated":true}]}}