{"id":1864,"date":"2008-10-13T18:05:54","date_gmt":"2008-10-13T17:05:54","guid":{"rendered":"http:\/\/aula21.net\/aulablog21\/?p=1864"},"modified":"2008-10-13T18:16:48","modified_gmt":"2008-10-13T17:16:48","slug":"la-cadena-ser-se-apunta-a-wikispaces","status":"publish","type":"post","link":"http:\/\/aula21.net\/aulablog21\/archives\/2008\/10\/13\/la-cadena-ser-se-apunta-a-wikispaces\/","title":{"rendered":"La cadena SER se apunta a wikispaces"},"content":{"rendered":"<p>Actualizando esta tarde mi <a href=\"http:\/\/aulablog21.wikispaces.com\/Tu+Wiki+en+Wikispaces.com\">Taller de wikispaces<\/a> he dado casualmente con un <a href=\"http:\/\/laventana.wikispaces.com\/\">wiki que el programa La Ventana<\/a> de la cadena SER abri\u00f3 este verano en<a href=\"http:\/\/www.wikispaces.com\"> Wikispaces<\/a>.<\/p>\n<p>Al verlo sent\u00ed enorme curiosidad por comprobar el uso que le hab\u00edan dado.<\/p>\n<p><a href=\"http:\/\/laventana.wikispaces.com\/\"><img loading=\"lazy\" decoding=\"async\" style=\"border: 3px solid black; vertical-align: middle;\" src=\"http:\/\/aula21.net\/aulablog21\/wp-content\/uploads\/2008\/10\/laventana-c2bb-home.png\" alt=\"\" width=\"568\" height=\"387\" \/><\/a><\/p>\n<p>Por una parte los oyentes e internautas pod\u00edan ir creando un espacio de colaboracion alrededor del programa, incluyendo un <a href=\"http:\/\/laventana.wikispaces.com\/Los+blogs+de+los+oyentes\">listado de blogs<\/a> y un <a href=\"http:\/\/laventana.wikispaces.com\/La+Plaza+WiFi\">listado de Plazas Wifi <\/a>donde conectarse gratuitamente durante el verano. Asimismo aparecen sindicadas las \u00faltimas noticias publicadas en <a class=\"wiki_link_ext\" rel=\"nofollow\" href=\"http:\/\/www.cadenaser.com\/\">cadenaser.com.<\/a><\/p>\n<p>La versi\u00f3n veraniega del programa es presentada por Ana Guantes y cont\u00f3 con la colaboracion para estos\u00a0 del subdirector de Hora25, <a href=\"http:\/\/www.javiercasal.com\/\">Javier Casal<\/a>, periodista y blogger. Al acceder a su blog descubro que tambi\u00e9n tiene<a href=\"http:\/\/wiki.javiercasal.com\/\"> un wiki en wikispaces<\/a>.<\/p>\n<p>El programa tambi\u00e9n tuvo activa <a href=\"http:\/\/twitter.com\/laventana\">una cuenta en Twitter<\/a>, asimismo el conocido programa Hora 25 <a href=\"http:\/\/twitter.com\/hora25\">tiene otra cuenta.<\/a><\/p>\n<p>La web 2.0 no es una moda pasajera, invade poco a poco los medios y el mundo educativo.<\/p>\n","protected":false},"excerpt":{"rendered":"<p>Actualizando esta tarde mi Taller de wikispaces he dado casualmente con un wiki que el programa La Ventana de la cadena SER abri\u00f3 este verano en Wikispaces. Al verlo sent\u00ed enorme curiosidad por comprobar el uso que le hab\u00edan dado. Por una parte los oyentes e internautas pod\u00edan ir creando un espacio de colaboracion alrededor [&hellip;]<\/p>\n","protected":false},"author":1,"featured_media":0,"comment_status":"open","ping_status":"open","sticky":false,"template":"","format":"standard","meta":{"footnotes":""},"categories":[28,16],"tags":[],"class_list":["post-1864","post","type-post","status-publish","format-standard","hentry","category-web20","category-wikis"],"_links":{"self":[{"href":"http:\/\/aula21.net\/aulablog21\/wp-json\/wp\/v2\/posts\/1864","targetHints":{"allow":["GET"]}}],"collection":[{"href":"http:\/\/aula21.net\/aulablog21\/wp-json\/wp\/v2\/posts"}],"about":[{"href":"http:\/\/aula21.net\/aulablog21\/wp-json\/wp\/v2\/types\/post"}],"author":[{"embeddable":true,"href":"http:\/\/aula21.net\/aulablog21\/wp-json\/wp\/v2\/users\/1"}],"replies":[{"embeddable":true,"href":"http:\/\/aula21.net\/aulablog21\/wp-json\/wp\/v2\/comments?post=1864"}],"version-history":[{"count":0,"href":"http:\/\/aula21.net\/aulablog21\/wp-json\/wp\/v2\/posts\/1864\/revisions"}],"wp:attachment":[{"href":"http:\/\/aula21.net\/aulablog21\/wp-json\/wp\/v2\/media?parent=1864"}],"wp:term":[{"taxonomy":"category","embeddable":true,"href":"http:\/\/aula21.net\/aulablog21\/wp-json\/wp\/v2\/categories?post=1864"},{"taxonomy":"post_tag","embeddable":true,"href":"http:\/\/aula21.net\/aulablog21\/wp-json\/wp\/v2\/tags?post=1864"}],"curies":[{"name":"wp","href":"https:\/\/api.w.org\/{rel}","templated":true}]}}