{"id":1883,"date":"2008-11-13T18:29:47","date_gmt":"2008-11-13T17:29:47","guid":{"rendered":"http:\/\/aula21.net\/aulablog21\/?p=1883"},"modified":"2008-11-13T19:21:28","modified_gmt":"2008-11-13T18:21:28","slug":"navegantes-de-hoy-pido-tu-voto","status":"publish","type":"post","link":"http:\/\/aula21.net\/aulablog21\/archives\/2008\/11\/13\/navegantes-de-hoy-pido-tu-voto\/","title":{"rendered":"Navegantes de Hoy, pido tu voto"},"content":{"rendered":"<p>Por vez primera os pido vuestro voto para mi blog.<\/p>\n<p>El peri\u00f3dico Hoy de Badajoz al que me encuentro muy unido desde peque\u00f1o por razones familiares y sentimentales convoc\u00f3 el pasado mes la primera edici\u00f3n del <a href=\"http:\/\/www.navegantesdehoy.es\/\">concurso Navegantes de Hoy<\/a>. Se trata de distinguir a a las mejores webs extreme\u00f1as en cuatro categor\u00edas.<\/p>\n<p>Hace un rato me he llevado la agradable sorpresa de ver mi blog nominado en el apartado<a href=\"http:\/\/www.navegantesdehoy.es\/\"> \u00abMejor Espacio Personal\u00bb<br \/>\n<\/a><\/p>\n<p>Una vez en esa secci\u00f3n mi web aparece en la segunda pesta\u00f1a. Pulsa en la imagen para votar.<\/p>\n<p><a href=\"http:\/\/www.navegantesdehoy.es\/\"><img decoding=\"async\" src=\"http:\/\/aula21.net\/aulablog21\/wp-content\/uploads\/2008\/11\/votarhoy1.jpg\" alt=\"\" \/><\/a><\/p>\n<p>No se como poner el enlace directo pues la p\u00e1gina est\u00e1 hecha en flash<\/p>\n<p>El premio es honor\u00edfico, una sencilla estatua pero para mi supondr\u00eda mucho por ello pido vuestro voto y que difundais la noticia.<\/p>\n<p>Los premios &#8216;Navegantes&#8217; cuentan con el patrocinio de <a href=\"http:\/\/www.cenatic.es\/\" target=\"_blank\">Cenatic<\/a> y la colaboraci\u00f3n de la Junta de Extremadura, el Fondo Europeo de Desarrollo Regional, el Ministerio de Industria, Turismo y Comercio, a trav\u00e9s del Plan Avanza, y la empresa Almaraz Trillo.<\/p>\n<p>El 11 de diciembre es la fecha del acto de entrega de los galardones.<\/p>\n","protected":false},"excerpt":{"rendered":"<p>Por vez primera os pido vuestro voto para mi blog. El peri\u00f3dico Hoy de Badajoz al que me encuentro muy unido desde peque\u00f1o por razones familiares y sentimentales convoc\u00f3 el pasado mes la primera edici\u00f3n del concurso Navegantes de Hoy. Se trata de distinguir a a las mejores webs extreme\u00f1as en cuatro categor\u00edas. Hace un [&hellip;]<\/p>\n","protected":false},"author":1,"featured_media":0,"comment_status":"open","ping_status":"open","sticky":false,"template":"","format":"standard","meta":{"footnotes":""},"categories":[7,10,3],"tags":[],"class_list":["post-1883","post","type-post","status-publish","format-standard","hentry","category-personal","category-utilidades","category-weblogs_herramientas_trucos_etc"],"_links":{"self":[{"href":"http:\/\/aula21.net\/aulablog21\/wp-json\/wp\/v2\/posts\/1883","targetHints":{"allow":["GET"]}}],"collection":[{"href":"http:\/\/aula21.net\/aulablog21\/wp-json\/wp\/v2\/posts"}],"about":[{"href":"http:\/\/aula21.net\/aulablog21\/wp-json\/wp\/v2\/types\/post"}],"author":[{"embeddable":true,"href":"http:\/\/aula21.net\/aulablog21\/wp-json\/wp\/v2\/users\/1"}],"replies":[{"embeddable":true,"href":"http:\/\/aula21.net\/aulablog21\/wp-json\/wp\/v2\/comments?post=1883"}],"version-history":[{"count":0,"href":"http:\/\/aula21.net\/aulablog21\/wp-json\/wp\/v2\/posts\/1883\/revisions"}],"wp:attachment":[{"href":"http:\/\/aula21.net\/aulablog21\/wp-json\/wp\/v2\/media?parent=1883"}],"wp:term":[{"taxonomy":"category","embeddable":true,"href":"http:\/\/aula21.net\/aulablog21\/wp-json\/wp\/v2\/categories?post=1883"},{"taxonomy":"post_tag","embeddable":true,"href":"http:\/\/aula21.net\/aulablog21\/wp-json\/wp\/v2\/tags?post=1883"}],"curies":[{"name":"wp","href":"https:\/\/api.w.org\/{rel}","templated":true}]}}