{"id":1886,"date":"2008-11-11T17:09:12","date_gmt":"2008-11-11T16:09:12","guid":{"rendered":"http:\/\/aula21.net\/aulablog21\/?p=1886"},"modified":"2008-11-11T20:34:36","modified_gmt":"2008-11-11T19:34:36","slug":"la-minsitra-nos-va-a-oir","status":"publish","type":"post","link":"http:\/\/aula21.net\/aulablog21\/archives\/2008\/11\/11\/la-minsitra-nos-va-a-oir\/","title":{"rendered":"La Ministra nos va a oir"},"content":{"rendered":"<p>\u00a1 Pues claro que s\u00ed ! una mujer inteligente seguro que le hace caso a las observaciones, ideas y sugerencias que\u00a0 hagamos personas al menos tan inteligentes como ella.<\/p>\n<p><img loading=\"lazy\" decoding=\"async\" class=\"alignleft\" style=\"float: left;\" src=\"http:\/\/www.elpais.com\/imagenRecorte.php?img=4485.jpg&amp;imgConf=EDIGITALES_250_par\" alt=\"\" width=\"250\" height=\"250\" \/>Mercedes Cabrera, responder\u00e1 en la edici\u00f3n digital de El Pa\u00eds a las preguntas que le formulemos acerca de la educaci\u00f3n.<\/p>\n<p>El evento tendr\u00e1 lugar el mi\u00e9rcoles, 12 de noviembre de 2008 de 12:00 a 13:00 horas.<a href=\"http:\/\/www.elpais.com\/edigitales\/entrevista.html?encuentro=4485&amp;k=Mercedes_Cabrera\"> Las preguntas se pueden formular ya en la p\u00e1gina<\/a>.<\/p>\n<p>Por otra parte <a href=\"http:\/\/bertamares.blogspot.com\/2008\/11\/artculo-del-pais-sobre-la-campaa.html\">Berta Mart\u00ednes nos da todo lujo de detalles<\/a> acerca de la carta que <a href=\"http:\/\/www.lbarroso.com\/\">Lourdes Barroso<\/a> escribi\u00f3 a la Ministra en torno a la campa\u00f1a \u00bb reconocimiento oficial de las publicciones en la web\u00bb.<\/p>\n<p>Lourdes tambi\u00e9n <a href=\"http:\/\/internetaula.ning.com\/group\/reconocimientotic\/forum\/topics\/2016246:Topic:66441\">nos cuenta todo lo acontecido incluida la favorable respuesta del Ministerio.<\/a><\/p>\n<p>Si la se\u00f1ora Cabrera estuviera un par de tarde escuchando y tomando nota de las ideas de la buena gente de la blogosfera educativa mejor\u00e1bamos el sistema educativo echando leches.<\/p>\n<p>Espero que no prefiera seguir oyendo a la pl\u00e9yade de asesores que en su vida han pisado un aula y lo que es peor no est\u00e1n suscritos <a href=\"http:\/\/www.aulablog.com\/planeta\/\">al Planeta Educativo<\/a>.<\/p>\n","protected":false},"excerpt":{"rendered":"<p>\u00a1 Pues claro que s\u00ed ! una mujer inteligente seguro que le hace caso a las observaciones, ideas y sugerencias que\u00a0 hagamos personas al menos tan inteligentes como ella. Mercedes Cabrera, responder\u00e1 en la edici\u00f3n digital de El Pa\u00eds a las preguntas que le formulemos acerca de la educaci\u00f3n. El evento tendr\u00e1 lugar el mi\u00e9rcoles, [&hellip;]<\/p>\n","protected":false},"author":1,"featured_media":0,"comment_status":"open","ping_status":"open","sticky":false,"template":"","format":"standard","meta":{"footnotes":""},"categories":[17,19,14],"tags":[],"class_list":["post-1886","post","type-post","status-publish","format-standard","hentry","category-articulos","category-educacion","category-recursos-variados"],"_links":{"self":[{"href":"http:\/\/aula21.net\/aulablog21\/wp-json\/wp\/v2\/posts\/1886","targetHints":{"allow":["GET"]}}],"collection":[{"href":"http:\/\/aula21.net\/aulablog21\/wp-json\/wp\/v2\/posts"}],"about":[{"href":"http:\/\/aula21.net\/aulablog21\/wp-json\/wp\/v2\/types\/post"}],"author":[{"embeddable":true,"href":"http:\/\/aula21.net\/aulablog21\/wp-json\/wp\/v2\/users\/1"}],"replies":[{"embeddable":true,"href":"http:\/\/aula21.net\/aulablog21\/wp-json\/wp\/v2\/comments?post=1886"}],"version-history":[{"count":0,"href":"http:\/\/aula21.net\/aulablog21\/wp-json\/wp\/v2\/posts\/1886\/revisions"}],"wp:attachment":[{"href":"http:\/\/aula21.net\/aulablog21\/wp-json\/wp\/v2\/media?parent=1886"}],"wp:term":[{"taxonomy":"category","embeddable":true,"href":"http:\/\/aula21.net\/aulablog21\/wp-json\/wp\/v2\/categories?post=1886"},{"taxonomy":"post_tag","embeddable":true,"href":"http:\/\/aula21.net\/aulablog21\/wp-json\/wp\/v2\/tags?post=1886"}],"curies":[{"name":"wp","href":"https:\/\/api.w.org\/{rel}","templated":true}]}}